{"id":1989,"date":"2021-02-02T21:49:08","date_gmt":"2021-02-02T21:49:08","guid":{"rendered":"https:\/\/itistimefor.mk\/?p=1989"},"modified":"2021-02-02T21:50:13","modified_gmt":"2021-02-02T21:50:13","slug":"%d1%81%d0%be%d1%81%d1%82%d0%b0%d0%bd%d0%be%d0%ba-%d0%bd%d0%b0-%d0%b5%d0%b2%d1%80%d0%be%d0%bf%d1%81%d0%ba%d0%b0%d1%82%d0%b0-%d0%b0%d1%80%d1%85%d0%b8%d0%b2%d1%81%d0%ba%d0%b0-%d0%b3%d1%80%d1%83%d0%bf","status":"publish","type":"post","link":"https:\/\/arhiv.mk\/sq\/2021\/02\/02\/%d1%81%d0%be%d1%81%d1%82%d0%b0%d0%bd%d0%be%d0%ba-%d0%bd%d0%b0-%d0%b5%d0%b2%d1%80%d0%be%d0%bf%d1%81%d0%ba%d0%b0%d1%82%d0%b0-%d0%b0%d1%80%d1%85%d0%b8%d0%b2%d1%81%d0%ba%d0%b0-%d0%b3%d1%80%d1%83%d0%bf\/","title":{"rendered":"Takim i Grupit Evropian t\u00eb Arkivave dhe Konferenc\u00eb e Bordit Evropian t\u00eb Arkivist\u00ebve Komb\u00ebtar (Helsinki \u2013 19\/20 shtator 2019)"},"content":{"rendered":"<p>Dr. Emil Krsteski, drejtor i Arkivit shtet\u00ebror, m\u00eb 19 dhe 20 shtator me ftes\u00eb t\u00eb z. Jusi Nurteva, drejtor i Arkivit komb\u00ebtar t\u00eb Finland\u00ebs, mori pjes\u00eb n\u00eb takimin e 27-t\u00eb t\u00eb Grupit Evropian t\u00eb Arkivave dhe Konferenc\u00ebn e 40-t\u00eb t\u00eb K\u00ebshillit Evropian t\u00eb arkivist\u00ebve komb\u00ebtar, q\u00eb u mbajt n\u00eb Helsinki, Finland\u00eb.<\/p>\n\n\n\n<p>K\u00ebto takime mbahen dy her\u00eb n\u00eb vit, organizohen nga vendi udh\u00ebheq\u00ebs me Bashkimin Evropian dhe n\u00eb to marrin pjes\u00eb vet\u00ebm drejtor\u00eb t\u00eb arkivave shtet\u00ebrore t\u00eb vendeve an\u00ebtare t\u00eb Bashkimit Evropian.<\/p>\n\n\n\n<p>Dr. Emil Krsteski ishte p\u00ebrfaq\u00ebsuesi i vet\u00ebm nga nj\u00eb vend q\u00eb nuk \u00ebsht\u00eb an\u00ebtare e Bashkimit Evropian, i cili ishte nj\u00eb privilegj i jasht\u00ebzakonsh\u00ebm p\u00ebr Arkivin ton\u00eb, si dhe nj\u00eb mund\u00ebsi p\u00ebr tu informuar me temat aktuale n\u00eb arkivizmit n\u00eb nivel Evropian, si dhe p\u00ebrvojat e Arkivave komb\u00ebtare t\u00eb vendeve an\u00ebtare t\u00eb Bashkimit Evropian.<\/p>\n\n\n\n<p>Temat kryesore t\u00eb takimit t\u00eb Grupit Evropian t\u00eb Arkivave, si dhe t\u00eb Konferenc\u00ebs s\u00eb K\u00ebshillit Evropian t\u00eb arkivist\u00ebve komb\u00ebtare ishin: digjitalizimi dhe r\u00ebnd\u00ebsia e zhvillimit teknologjik p\u00ebr avancimin e arkivizmit, si dhe nevoja p\u00ebr transparenc\u00eb dhe hapje m\u00eb t\u00eb madhe t\u00eb arkivave p\u00ebr qasje t\u00eb papenguar nga ana e hulumtuesve vendas dhe t\u00eb huaj.<\/p>\n\n\n\n<p>Pjes\u00ebmarrja n\u00eb k\u00ebt\u00eb ngjarje n\u00eb Helsinki nga ana e dr. Emil Krsteski u shfryt\u00ebzua p\u00ebr t\u00eb b\u00ebr\u00eb nj\u00eb seri takimesh bilaterale me p\u00ebrfaq\u00ebsuesit e arkivave komb\u00ebtare t\u00eb Gjermanis\u00eb, Norvegjis\u00eb, Holland\u00ebs, Franc\u00ebs, Italis\u00eb, Sllovenis\u00eb, Kroacis\u00eb dhe Bullgaris\u00eb, si dhe me kryetarin e Deg\u00ebs Evropiane t\u00eb K\u00ebshillit nd\u00ebrkomb\u00ebtar t\u00eb Arkivave Dr. \u00c7arls Faruxha, i cili \u00ebsht\u00eb drejtor i Arkivit komb\u00ebtar t\u00eb Malt\u00ebs.<\/p>\n\n\n\n<p>Gjat\u00eb takimeve, dr. Emil Krsteski gjithashtu vizitoi Arkivin komb\u00ebtar n\u00eb Hamenlina, t\u00eb nd\u00ebrtuar sipas standardeve m\u00eb t\u00eb reja n\u00eb arkiviz\u00ebm dhe t\u00eb pajisur me teknologjin\u00eb e fundit, i l\u00ebshuar n\u00eb p\u00ebrdorim n\u00eb vitin 2009.<\/p>\n\n\n\n<figure class=\"wp-block-gallery columns-5 is-cropped wp-block-gallery-1 is-layout-flex wp-block-gallery-is-layout-flex\"><ul class=\"blocks-gallery-grid\"><li class=\"blocks-gallery-item\"><figure><a href=\"https:\/\/arhiv.mk\/wp-content\/uploads\/2021\/02\/Monitor.jpg\"><img fetchpriority=\"high\" decoding=\"async\" width=\"560\" height=\"272\" src=\"https:\/\/arhiv.mk\/wp-content\/uploads\/2021\/02\/Monitor.jpg\" alt=\"\" data-id=\"1993\" data-full-url=\"https:\/\/arhiv.mk\/wp-content\/uploads\/2021\/02\/Monitor.jpg\" data-link=\"https:\/\/arhiv.mk\/?attachment_id=1993\" class=\"wp-image-1993\" srcset=\"https:\/\/arhiv.mk\/wp-content\/uploads\/2021\/02\/Monitor.jpg 560w, https:\/\/arhiv.mk\/wp-content\/uploads\/2021\/02\/Monitor-300x146.jpg 300w\" sizes=\"(max-width: 560px) 100vw, 560px\" \/><\/a><figcaption class=\"blocks-gallery-item__caption\">Nga hapja e Takimit t\u00eb Grupit Evropian t\u00eb Arkivave dhe Konferenc\u00ebs s\u00eb K\u00ebshillit Evropian t\u00eb Arkivist\u00ebve komb\u00ebtar \u2013 Helsinki, 19 shtator 2019. <\/figcaption><\/figure><\/li><li class=\"blocks-gallery-item\"><figure><a href=\"https:\/\/arhiv.mk\/wp-content\/uploads\/2021\/02\/Direktor.jpg\"><img decoding=\"async\" width=\"560\" height=\"272\" src=\"https:\/\/arhiv.mk\/wp-content\/uploads\/2021\/02\/Direktor.jpg\" alt=\"\" data-id=\"1992\" data-full-url=\"https:\/\/arhiv.mk\/wp-content\/uploads\/2021\/02\/Direktor.jpg\" data-link=\"https:\/\/arhiv.mk\/?attachment_id=1992\" class=\"wp-image-1992\" srcset=\"https:\/\/arhiv.mk\/wp-content\/uploads\/2021\/02\/Direktor.jpg 560w, https:\/\/arhiv.mk\/wp-content\/uploads\/2021\/02\/Direktor-300x146.jpg 300w\" sizes=\"(max-width: 560px) 100vw, 560px\" \/><\/a><figcaption class=\"blocks-gallery-item__caption\">Dr. Emil Krsteski, drejtor i Arkivit Shtet\u00ebror t\u00eb Republik\u00ebs s\u00eb Maqedonis\u00eb s\u00eb Veriut, s\u00eb bashku me drejtor\u00ebt e arkivave komb\u00ebtare t\u00eb Bashkimit Evropian <\/figcaption><\/figure><\/li><li class=\"blocks-gallery-item\"><figure><a href=\"https:\/\/arhiv.mk\/wp-content\/uploads\/2021\/02\/So-Cvelfar-i-Gruev.jpg\"><img decoding=\"async\" width=\"560\" height=\"272\" src=\"https:\/\/arhiv.mk\/wp-content\/uploads\/2021\/02\/So-Cvelfar-i-Gruev.jpg\" alt=\"\" data-id=\"1994\" data-full-url=\"https:\/\/arhiv.mk\/wp-content\/uploads\/2021\/02\/So-Cvelfar-i-Gruev.jpg\" data-link=\"https:\/\/arhiv.mk\/?attachment_id=1994\" class=\"wp-image-1994\" srcset=\"https:\/\/arhiv.mk\/wp-content\/uploads\/2021\/02\/So-Cvelfar-i-Gruev.jpg 560w, https:\/\/arhiv.mk\/wp-content\/uploads\/2021\/02\/So-Cvelfar-i-Gruev-300x146.jpg 300w\" sizes=\"(max-width: 560px) 100vw, 560px\" \/><\/a><figcaption class=\"blocks-gallery-item__caption\">Dr. Emil Krsteski me dr. Bojan Cvelfar, drejtor i Arkivit t\u00eb Republik\u00ebs s\u00eb Sllovenis\u00eb dhe dr. Mihail Gruev, kryetar i Agjencis\u00eb shtet\u00ebrore \u201cArkivat\u201d t\u00eb Republik\u00ebs s\u00eb Bullgaris\u00eb <\/figcaption><\/figure><\/li><li class=\"blocks-gallery-item\"><figure><a href=\"https:\/\/arhiv.mk\/wp-content\/uploads\/2021\/02\/Charles-Farrugia.jpg\"><img loading=\"lazy\" decoding=\"async\" width=\"463\" height=\"960\" src=\"https:\/\/arhiv.mk\/wp-content\/uploads\/2021\/02\/Charles-Farrugia.jpg\" alt=\"\" data-id=\"1991\" data-full-url=\"https:\/\/arhiv.mk\/wp-content\/uploads\/2021\/02\/Charles-Farrugia.jpg\" data-link=\"https:\/\/arhiv.mk\/?attachment_id=1991\" class=\"wp-image-1991\" srcset=\"https:\/\/arhiv.mk\/wp-content\/uploads\/2021\/02\/Charles-Farrugia.jpg 463w, https:\/\/arhiv.mk\/wp-content\/uploads\/2021\/02\/Charles-Farrugia-145x300.jpg 145w\" sizes=\"(max-width: 463px) 100vw, 463px\" \/><\/a><figcaption class=\"blocks-gallery-item__caption\">Dr. Emil Krsteski dhe Dr. \u00c7arla Faruxha, kryetar i Deg\u00ebs Evropiane t\u00eb K\u00ebshillit nd\u00ebrkomb\u00ebtar Arkivor dhe drejtorin e Arkivit komb\u00ebtar t\u00eb Malt\u00ebs <\/figcaption><\/figure><\/li><li class=\"blocks-gallery-item\"><figure><a href=\"https:\/\/arhiv.mk\/wp-content\/uploads\/2021\/02\/So-Jusi-Nurteva.jpg\"><img loading=\"lazy\" decoding=\"async\" width=\"560\" height=\"237\" src=\"https:\/\/arhiv.mk\/wp-content\/uploads\/2021\/02\/So-Jusi-Nurteva.jpg\" alt=\"\" data-id=\"1995\" data-full-url=\"https:\/\/arhiv.mk\/wp-content\/uploads\/2021\/02\/So-Jusi-Nurteva.jpg\" data-link=\"https:\/\/arhiv.mk\/?attachment_id=1995\" class=\"wp-image-1995\" srcset=\"https:\/\/arhiv.mk\/wp-content\/uploads\/2021\/02\/So-Jusi-Nurteva.jpg 560w, https:\/\/arhiv.mk\/wp-content\/uploads\/2021\/02\/So-Jusi-Nurteva-300x127.jpg 300w\" sizes=\"(max-width: 560px) 100vw, 560px\" \/><\/a><figcaption class=\"blocks-gallery-item__caption\">Dr. Emil Krsteski n\u00eb vizit\u00eb t\u00eb Arkivit komb\u00ebtar n\u00eb Hamenlina, s\u00eb bashku me z. Jusi Nurteva, drejtor i Arkivit komb\u00ebtar t\u00eb Finland\u00ebs, dr. Andrea Hanger, zv\/ drejtor i Arkivit komb\u00ebtar t\u00eb Gjermanis\u00eb dhe dr. Jozo Ivanoviq nga Arkivi shtet\u00ebror i Kroacis\u00eb.<\/figcaption><\/figure><\/li><\/ul><\/figure>","protected":false},"excerpt":{"rendered":"<p>\u0414-\u0440 \u0415\u043c\u0438\u043b \u041a\u0440\u0441\u0442\u0435\u0441\u043a\u0438, \u0434\u0438\u0440\u0435\u043a\u0442\u043e\u0440 \u043d\u0430 \u0414\u0440\u0436\u0430\u0432\u043d\u0438\u043e\u0442 \u0430\u0440\u0445\u0438\u0432, \u043d\u0430 19 \u0438 20 \u0441\u0435\u043f\u0442\u0435\u043c\u0432\u0440\u0438 \u043d\u0430 \u043f\u043e\u043a\u0430\u043d\u0430 \u043d\u0430 \u0433. \u0408\u0443\u0441\u0438 \u041d\u0443\u0440\u0442\u0435\u0432\u0430, \u0434\u0438\u0440\u0435\u043a\u0442\u043e\u0440 \u043d\u0430 \u041d\u0430\u0446\u0438\u043e\u043d\u0430\u043b\u043d\u0438\u043e\u0442 \u0430\u0440\u0445\u0438\u0432 \u043d\u0430 \u0424\u0438\u043d\u0441\u043a\u0430, \u0443\u0447\u0435\u0441\u0442\u0432\u0443\u0432\u0430\u0448\u0435 \u043d\u0430 27-\u043e\u0442 \u0441\u043e\u0441\u0442\u0430\u043d\u043e\u043a \u043d\u0430 \u0415\u0432\u0440\u043e\u043f\u0441\u043a\u0430\u0442\u0430 \u0430\u0440\u0445\u0438\u0432\u0441\u043a\u0430 \u0433\u0440\u0443\u043f\u0430\u0446\u0438\u0458\u0430 \u0438 40-\u0442\u0430 \u041a\u043e\u043d\u0444\u0435\u0440\u0435\u043d\u0446\u0438\u0458\u0430 \u043d\u0430 \u0415\u0432\u0440\u043e\u043f\u0441\u043a\u0438\u043e\u0442 \u043e\u0434\u0431\u043e\u0440 \u043d\u0430 \u043d\u0430\u0446\u0438\u043e\u043d\u0430\u043b\u043d\u0438\u0442\u0435 \u0430\u0440\u0445\u0438\u0432\u0438\u0441\u0442\u0438, \u043a\u043e\u0438 \u0441\u0435 \u043e\u0434\u0440\u0436\u0430\u0430 \u0432\u043e \u0425\u0435\u043b\u0441\u0438\u043d\u043a\u0438, \u0424\u0438\u043d\u0441\u043a\u0430. \u041e\u0432\u0438\u0435 \u0441\u043e\u0441\u0442\u0430\u043d\u043e\u0446\u0438 \u0441\u0435 \u043e\u0434\u0440\u0436\u0443\u0432\u0430\u0430\u0442 \u0434\u0432\u0430 \u043f\u0430\u0442\u0438 \u0432\u043e \u0442\u0435\u043a\u043e\u0442 [&hellip;]<\/p>","protected":false},"author":2,"featured_media":1990,"comment_status":"open","ping_status":"closed","sticky":false,"template":"","format":"standard","meta":{"site-sidebar-layout":"default","site-content-layout":"default","ast-site-content-layout":"","site-content-style":"default","site-sidebar-style":"default","ast-global-header-display":"","ast-banner-title-visibility":"","ast-main-header-display":"","ast-hfb-above-header-display":"","ast-hfb-below-header-display":"","ast-hfb-mobile-header-display":"","site-post-title":"","ast-breadcrumbs-content":"","ast-featured-img":"","footer-sml-layout":"","theme-transparent-header-meta":"default","adv-header-id-meta":"","stick-header-meta":"","header-above-stick-meta":"","header-main-stick-meta":"","header-below-stick-meta":"","astra-migrate-meta-layouts":"default","ast-page-background-enabled":"default","ast-page-background-meta":{"desktop":{"background-color":"","background-image":"","background-repeat":"repeat","background-position":"center center","background-size":"auto","background-attachment":"scroll","background-type":"","background-media":"","overlay-type":"","overlay-color":"","overlay-opacity":"","overlay-gradient":""},"tablet":{"background-color":"","background-image":"","background-repeat":"repeat","background-position":"center center","background-size":"auto","background-attachment":"scroll","background-type":"","background-media":"","overlay-type":"","overlay-color":"","overlay-opacity":"","overlay-gradient":""},"mobile":{"background-color":"","background-image":"","background-repeat":"repeat","background-position":"center center","background-size":"auto","background-attachment":"scroll","background-type":"","background-media":"","overlay-type":"","overlay-color":"","overlay-opacity":"","overlay-gradient":""}},"ast-content-background-meta":{"desktop":{"background-color":"var(--ast-global-color-5)","background-image":"","background-repeat":"repeat","background-position":"center center","background-size":"auto","background-attachment":"scroll","background-type":"","background-media":"","overlay-type":"","overlay-color":"","overlay-opacity":"","overlay-gradient":""},"tablet":{"background-color":"var(--ast-global-color-5)","background-image":"","background-repeat":"repeat","background-position":"center center","background-size":"auto","background-attachment":"scroll","background-type":"","background-media":"","overlay-type":"","overlay-color":"","overlay-opacity":"","overlay-gradient":""},"mobile":{"background-color":"var(--ast-global-color-5)","background-image":"","background-repeat":"repeat","background-position":"center center","background-size":"auto","background-attachment":"scroll","background-type":"","background-media":"","overlay-type":"","overlay-color":"","overlay-opacity":"","overlay-gradient":""}},"footnotes":""},"categories":[3],"tags":[],"class_list":["post-1989","post","type-post","status-publish","format-standard","has-post-thumbnail","hentry","category-3"],"_links":{"self":[{"href":"https:\/\/arhiv.mk\/sq\/wp-json\/wp\/v2\/posts\/1989","targetHints":{"allow":["GET"]}}],"collection":[{"href":"https:\/\/arhiv.mk\/sq\/wp-json\/wp\/v2\/posts"}],"about":[{"href":"https:\/\/arhiv.mk\/sq\/wp-json\/wp\/v2\/types\/post"}],"author":[{"embeddable":true,"href":"https:\/\/arhiv.mk\/sq\/wp-json\/wp\/v2\/users\/2"}],"replies":[{"embeddable":true,"href":"https:\/\/arhiv.mk\/sq\/wp-json\/wp\/v2\/comments?post=1989"}],"version-history":[{"count":2,"href":"https:\/\/arhiv.mk\/sq\/wp-json\/wp\/v2\/posts\/1989\/revisions"}],"predecessor-version":[{"id":1998,"href":"https:\/\/arhiv.mk\/sq\/wp-json\/wp\/v2\/posts\/1989\/revisions\/1998"}],"wp:featuredmedia":[{"embeddable":true,"href":"https:\/\/arhiv.mk\/sq\/wp-json\/wp\/v2\/media\/1990"}],"wp:attachment":[{"href":"https:\/\/arhiv.mk\/sq\/wp-json\/wp\/v2\/media?parent=1989"}],"wp:term":[{"taxonomy":"category","embeddable":true,"href":"https:\/\/arhiv.mk\/sq\/wp-json\/wp\/v2\/categories?post=1989"},{"taxonomy":"post_tag","embeddable":true,"href":"https:\/\/arhiv.mk\/sq\/wp-json\/wp\/v2\/tags?post=1989"}],"curies":[{"name":"wp","href":"https:\/\/api.w.org\/{rel}","templated":true}]}}