{"id":2205,"date":"2021-02-03T00:47:41","date_gmt":"2021-02-03T00:47:41","guid":{"rendered":"https:\/\/itistimefor.mk\/?p=2205"},"modified":"2021-02-03T00:48:12","modified_gmt":"2021-02-03T00:48:12","slug":"%d0%b4-%d1%80-%d0%b5%d0%bc%d0%b8%d0%bb-%d0%ba%d1%80%d1%81%d1%82%d0%b5%d1%81%d0%ba%d0%b8-%d0%b4%d1%80%d0%b6%d0%b0%d0%b2%d0%bd%d0%b8%d0%be%d1%82-%d0%b0%d1%80%d1%85%d0%b8%d0%b2-%d1%81%d1%82","status":"publish","type":"post","link":"https:\/\/arhiv.mk\/sq\/2021\/02\/03\/%d0%b4-%d1%80-%d0%b5%d0%bc%d0%b8%d0%bb-%d0%ba%d1%80%d1%81%d1%82%d0%b5%d1%81%d0%ba%d0%b8-%d0%b4%d1%80%d0%b6%d0%b0%d0%b2%d0%bd%d0%b8%d0%be%d1%82-%d0%b0%d1%80%d1%85%d0%b8%d0%b2-%d1%81%d1%82\/","title":{"rendered":"Dr. EMIL KRSTESKI: ARKIVI SHTET\u00cbROR - SHTYLLA E IDENTITETIT KOMB\u00cbTAR"},"content":{"rendered":"<p><strong>Rruga e zhvillimit t\u00eb veprimtaris\u00eb arkivore n\u00eb Maqedoni \u00ebsht\u00eb e lidhur drejtp\u00ebrdrejt me historin\u00eb e Maqedonis\u00eb dhe popullin maqedonas.<\/strong><\/p>\n\n\n\n<p>Fillimet e veprimtaris\u00eb arkivore n\u00eb sip\u00ebrfaqen e Maqedonis\u00eb mund t\u00eb gjurmohen q\u00eb nga mbret\u00ebria antike e Maqedonis\u00eb, kur ai material u mbajt n\u00eb arkivin e famsh\u00ebm Aleksandrian. N\u00eb dit\u00ebt e sotme, me organizimin e tij modern dhe orientimin e tij programor, Arkivi Shtet\u00ebror \u00ebsht\u00eb nj\u00eb institucion shum\u00eb i r\u00ebnd\u00ebsish\u00ebm historiko-shkencor dhe kulturor, i cili \u00ebsht\u00eb nj\u00eb nga shtyllat kryesore t\u00eb identitetit ton\u00eb komb\u00ebtar, i cili ruan dhe mbron dokumentet dhe materialet arkivore dhe \u00ebsht\u00eb nj\u00eb thesar i kolektivit kujtes e vlerave komb\u00ebtare t\u00eb popullit maqedonas, kryesisht sepse lidh t\u00eb kaluar\u00ebn me t\u00eb tashmen dhe krijon nj\u00eb baz\u00eb dhe shenj\u00eb t\u00eb q\u00ebndrueshme p\u00ebr nd\u00ebrgjegjen ton\u00eb komb\u00ebtare.<\/p>\n\n\n\n<p>Arkivi Shtet\u00ebror i Republik\u00ebs s\u00eb Maqedonis\u00eb s\u00eb Veriut sot \u00ebsht\u00eb nj\u00eb institucion arkivor modern, me statusin e nj\u00eb organizim administrativ, e cila mbi baza shkencore-profesionale kryen inspektimin dhe mbik\u00ebqyrjen e ekspert\u00ebve mbi pun\u00ebn e mbajt\u00ebsve dhe pranon, mbron, rregullon dhe p\u00ebrpunon, boton dhe e b\u00ebn materialin arkivor t\u00eb disponuesh\u00ebm p\u00ebr p\u00ebrdorim.<\/p>\n\n\n\n<figure class=\"wp-block-gallery columns-1 is-cropped wp-block-gallery-1 is-layout-flex wp-block-gallery-is-layout-flex\"><ul class=\"blocks-gallery-grid\"><li class=\"blocks-gallery-item\"><figure><a href=\"https:\/\/arhiv.mk\/wp-content\/uploads\/2021\/02\/emil-krsteski-sept2020.jpg\"><img fetchpriority=\"high\" decoding=\"async\" width=\"453\" height=\"535\" src=\"https:\/\/arhiv.mk\/wp-content\/uploads\/2021\/02\/emil-krsteski-sept2020.jpg\" alt=\"\" data-id=\"2206\" data-full-url=\"https:\/\/arhiv.mk\/wp-content\/uploads\/2021\/02\/emil-krsteski-sept2020.jpg\" data-link=\"https:\/\/arhiv.mk\/?attachment_id=2206\" class=\"wp-image-2206\" srcset=\"https:\/\/arhiv.mk\/wp-content\/uploads\/2021\/02\/emil-krsteski-sept2020.jpg 453w, https:\/\/arhiv.mk\/wp-content\/uploads\/2021\/02\/emil-krsteski-sept2020-254x300.jpg 254w\" sizes=\"(max-width: 453px) 100vw, 453px\" \/><\/a><figcaption class=\"blocks-gallery-item__caption\"> Dr.Emil Krsteski <\/figcaption><\/figure><\/li><\/ul><\/figure>\n\n\n\n<ul class=\"wp-block-list\"><li><strong>Afirmimi n\u00eb plan nd\u00ebrkomb\u00ebtar<\/strong><\/li><\/ul>\n\n\n\n<p>Duke marr\u00eb parasysh q\u00eb materiali arkivor \u00ebsht\u00eb nj\u00eb trash\u00ebgimi e mbrojtur historike dhe kulturore dhe \u00ebsht\u00eb thesari yn\u00eb komb\u00ebtar i p\u00ebrhersh\u00ebm, Arkivi Shtet\u00ebror \u00ebsht\u00eb nj\u00eb pik\u00ebnisje nga e cila fillojm\u00eb t\u00eb hulumtojm\u00eb gjenez\u00ebn dhe zhvillimin historik t\u00eb kombit maqedonas, gjuh\u00ebs maqedonase, historis\u00eb, tradit\u00ebs dhe kultur\u00ebs, si element\u00ebt m\u00eb t\u00eb r\u00ebnd\u00ebsish\u00ebm p\u00ebr identitetin e nj\u00eb kombi, si dhe p\u00ebr afirmimin e tij nd\u00ebrkomb\u00ebtarisht.<\/p>\n\n\n\n<p>Organizimi dhe kryerja e k\u00ebrkimeve mbi materialin arkivor n\u00eb vend dhe jasht\u00eb saj kontribuon n\u00eb gjetjen e formave t\u00eb reja t\u00eb bashk\u00ebpunimit t\u00eb suksessh\u00ebm me arkivat n\u00eb t\u00eb gjith\u00eb bot\u00ebn. Institucioni yn\u00eb \u00ebsht\u00eb nj\u00eb an\u00ebtar i barabart\u00eb i K\u00ebshillit Nd\u00ebrkomb\u00ebtar t\u00eb Arkivave (MAS),(International council on Archives) si dhe shum\u00eb institucioneve dhe organizatave t\u00eb tjera nd\u00ebrkomb\u00ebtare n\u00eb fush\u00ebn e arkivimit, i cili kontribuon n\u00eb shk\u00ebmbimin e mendimeve dhe p\u00ebrvojave dhe n\u00eb kontakte t\u00eb vazhdueshme me arkivat atje ku ka mund t\u00eb gjinden dokumente n\u00eb lidhje me historin\u00eb e Maqedonis\u00eb dhe identitetin e popullit maqedonas dhe bashk\u00ebsive t\u00eb tjera etnike.<br><\/p>\n\n\n\n<ul class=\"wp-block-list\"><li><strong>Ligji i ri p\u00ebr veprimtarin\u00eb arkivore<\/strong><\/li><\/ul>\n\n\n\n<p>Disa koh\u00eb m\u00eb par\u00eb, Arkivi Shtet\u00ebror p\u00ebrgatit\u00ebn nj\u00eb Projektligj p\u00ebr Aktivitetin Arkivor dhe I ja dor\u00ebzoi Ministris\u00eb s\u00eb Shoq\u00ebris\u00eb Informative, e cila si nj\u00eb propozues i autorizuar duhet t\u00eb zhvilloj\u00eb nj\u00eb debat publik dhe ta propozoj\u00eb at\u00eb p\u00ebr miratim n\u00eb Parlamentin e RMV. Miratimi i k\u00ebtij ligji, n\u00eb fakt, \u00ebsht\u00eb n\u00eb favor t\u00eb nd\u00ebrgjegj\u00ebsimit t\u00eb publikut p\u00ebr r\u00ebnd\u00ebsin\u00eb e materialit arkivor dhe promovimit t\u00eb veprimtaris\u00eb arkivore, natyrisht, n\u00eb p\u00ebrputhje me standardet nd\u00ebrkomb\u00ebtare t\u00eb arkivit dhe marr\u00ebveshjet nd\u00ebrkomb\u00ebtare q\u00eb ne kemi n\u00ebnshkruar tashm\u00eb. Me nd\u00ebrtimin e legjislacionit modern arkivor dhe miratimin e pritur s\u00eb shpejti t\u00eb Ligjit t\u00eb ri mbi veprimtarin\u00eb arkivore, statusi dhe trajtimi i materialit arkivor do t\u00eb p\u00ebrmir\u00ebsohet ndjesh\u00ebm, Arkivi Shtet\u00ebror do t\u00eb p\u00ebrcaktoj\u00eb statusin e nj\u00eb organizate t\u00eb integruar administrative me n\u00ebnt\u00eb departamente, financimin dhe politik\u00ebn e p\u00ebrcaktuar t\u00eb personelit.<br><\/p>\n\n\n\n<ul class=\"wp-block-list\"><li><strong>Lidhja e s\u00eb kaluar\u00ebs me t\u00eb tashmen<\/strong><\/li><\/ul>\n\n\n\n<p>Arkivi Shtet\u00ebror \u00ebsht\u00eb nj\u00eb institucion i specializuar n\u00eb t\u00eb cilin \u00ebsht\u00eb mbledhur e gjith\u00eb trash\u00ebgimia arkivore dhe t\u00eb gjitha ndryshimet e ardhshme t\u00eb \u00e7do lloji duhet t\u00eb zhvillohen duke lidhur t\u00eb kaluar\u00ebn dhe t\u00eb tashmen. Do t\u00eb mund\u00ebsoj\u00eb gjithashtu p\u00ebrshtatjen me p\u00ebrparimet teknologjike globale q\u00eb po ndodhin n\u00eb bot\u00eb, sepse ndryshimet e m\u00ebdha t\u00eb shkaktuara nga modernizimi elektronik kontribojn\u00eb n\u00eb p\u00ebrpunimin automatik t\u00eb dokumenteve arkivore dhe t\u00eb dh\u00ebnave historike, hartimin e softverit t\u00eb aplikimit, formimin e nj\u00eb sistemi t\u00eb vet\u00ebm informatuvdhe dixhitalizimin e trash\u00ebgimis arkivore, nj\u00eb proces q\u00eb ne s\u00eb shpejti planifikojm\u00eb ta shpejtojm\u00eb . Duke vepruar k\u00ebshtu, ne jo vet\u00ebm q\u00eb do t\u00eb ecim n\u00eb hap me arkivimin modern dhe t\u00eb azhurnuar, por gjithashtu do ti mbrojm\u00eb m\u00eb mir\u00eb dhe p\u00ebrgjithmon\u00eb dokumentet arkivore dhe do t\u00eb kontribojm\u00eb n\u00eb qasjen e tyre m\u00eb t\u00eb leht\u00eb dhe m\u00eb t\u00eb shpejt\u00eb tek hulumtuesit, historian\u00ebt, studiuesit, dhe t\u00eb gjith\u00eb ata q\u00eb interesohen p\u00ebr Historin ton\u00eb.<br><\/p>\n\n\n\n<ul class=\"wp-block-list\"><li><strong>Dixhitalizimi - q\u00ebllimi kryesor strategjik<\/strong><\/li><\/ul>\n\n\n\n<p>Plani Strategjik i Arkivit Shtet\u00ebror p\u00ebr periudh\u00ebn nga viti 2021 deri n\u00eb 2023 , n\u00eb fakt \u00ebsht\u00eb nj\u00eb dokument themelor, i cili ne vete p\u00ebrfshin p\u00ebrpar\u00ebsit\u00eb strategjike dhe q\u00ebllimet e Qeveris\u00eb s\u00eb Republik\u00ebs s\u00eb Maqedonis\u00eb s\u00eb Veriut. Ky plan n\u00eb nj\u00eb far\u00eb m\u00ebnyre \u00ebsht\u00eb nj\u00eb proces i parashikuesh\u00ebm i ndryshimeve pozitive n\u00eb organizimin dhe menaxhimin e institucionit dhe p\u00ebrparimi i tij m\u00eb i shpejt\u00eb teknologjik, q\u00eb do t\u00eb thot\u00eb intensifikim i procesit t\u00eb dixhitalizimit t\u00eb materialit arkivor, si q\u00ebllimi kryesor strategjik.<\/p>\n\n\n\n<p>Drejtimi kryesor i Arkivit Shtet\u00ebror \u00ebsht\u00eb pranimi dhe respektimi i standardeve nd\u00ebrkomb\u00ebtare n\u00eb fush\u00ebn e pun\u00ebs arkivore. Dhe, sigurisht, zbatimi i suksessh\u00ebm i reformave dhe p\u00ebrpar\u00ebsive dhe q\u00ebllimeve strategjike k\u00ebrkon angazhim t\u00eb madh t\u00eb t\u00eb gjith\u00eb punonj\u00ebsve n\u00eb institucion, dmth forcimin e kapacitetit t\u00eb tyre dhe njohurive dhe aft\u00ebsive t\u00eb tyre, si dhe modernizimin teknologjik, m\u00eb sakt\u00ebsisht pajisjet teknike dhe krijimin e kushteve m\u00eb t\u00eb mira p\u00ebr pun\u00eb sipas standardeve bot\u00ebrore, i cili parashikon dhe nd\u00ebrtimin e nj\u00eb objekti t\u00eb ri modern dhe adekuat p\u00ebr arkivin.<br><\/p>\n\n\n\n<ul class=\"wp-block-list\"><li><strong>Sh\u00ebnimi i 70 vjetorit t\u00eb krijimit t\u00eb Arkivit<\/strong><\/li><\/ul>\n\n\n\n<p>Zhvillimi i Arkivit t\u00eb Shtetit, si nj\u00eb institucion i r\u00ebnd\u00ebsish\u00ebm shoq\u00ebror, p\u00ebrfshin arsimimin e m\u00ebtejsh\u00ebm t\u00eb punonj\u00ebsve. Mb\u00ebshtetja, motivimi dhe angazhimi i punonj\u00ebsve \u00ebsht\u00eb thelb\u00ebsore p\u00ebr suksesin e p\u00ebrmbushjes s\u00eb prioriteteve dhe aktiviteteve t\u00eb planifikuara, p\u00ebr bashk\u00ebpunimin ton\u00eb t\u00eb suksessh\u00ebm me arkivat bot\u00ebrore, p\u00ebr promovimin ton\u00eb t\u00eb suksessh\u00ebm dhe integrimin efektiv n\u00eb familjen evropiane, si dhe p\u00ebr zbatimin e q\u00ebndruesh\u00ebm t\u00eb normave dhe standardeve t\u00eb Bashkimi Evropian.<\/p>\n\n\n\n<p>N\u00eb t\u00eb ardhmen, p\u00ebrpar\u00ebsit\u00eb e Arkivit Shtet\u00ebror jan\u00eb: personeli me staf t\u00eb ri dhe profesional, intensifikimi i procesit t\u00eb dixhitalizimit t\u00eb materialit arkivor, bashk\u00ebpunimi me arkivat e tjer\u00eb, ve\u00e7an\u00ebrisht ato q\u00eb lidhen me procesin e trash\u00ebgimis\u00eb s\u00eb materialit arkivor nga ish RSFJ, dhe sigurimi i kushteve t\u00eb pun\u00ebs sipas standardeve evropiane dhe nd\u00ebrtimi i nj\u00eb objekti t\u00eb ri p\u00ebr Arkivin Shtet\u00ebror.<\/p>\n\n\n\n<p>Padyshim, v\u00ebshtir\u00ebsit\u00eb globale sh\u00ebndet\u00ebsore dhe ekonomike t\u00eb shkaktuara nga pandemia Covid-19 mund t\u00eb ngadal\u00ebsojn\u00eb t\u00eb gjitha k\u00ebto procese, por ne si institucion, i cili \u00ebsht\u00eb jetik p\u00ebr historin\u00eb dhe identitetin e vendit, pavar\u00ebsisht nga ato probleme dhe v\u00ebshtir\u00ebsi, ne nuk heqim dor nga projektet e planifikuara dhe synojm\u00eb t\u00eb realizojm\u00eb q\u00ebllimet tona n\u00eb periudh\u00ebn e planifikuar dhe n\u00eb vitin 2021 me dinjitet dhe p\u00ebrshtatshm\u00ebri t\u00eb sh\u00ebnojm\u00eb 70 vjetorin e krijimit t\u00eb Arkivit Shtet\u00ebror.<\/p>\n\n\n\n<p><em>Shkup, 11 Shtator 2020 \u0433.<\/em><\/p>\n\n\n\n<p><em>P\u00ebr <strong><a href=\"https:\/\/denesmagazin.mk\/d-r-emil-krsteski-drzhavniot-arhiv-stolb-na-natsionalniot-identitet\/?fbclid=IwAR1X7fqh72xBrdm0LD0R0s-QJlunDclL5yaikyLn__61twBmP46DGJB29gU\" target=\"_blank\" rel=\"noreferrer noopener\">denesmagazin.mk <\/a><\/strong>Dr. Emil Krsteski, drejtor i Arkivave t\u00eb Shtetit<\/em><\/p>","protected":false},"excerpt":{"rendered":"<p>\u0420\u0430\u0437\u0432\u043e\u0458\u043d\u0438\u043e\u0442 \u043f\u0430\u0442 \u043d\u0430 \u0430\u0440\u0445\u0438\u0432\u0441\u043a\u0430\u0442\u0430 \u0434\u0435\u0458\u043d\u043e\u0441\u0442 \u0432\u043e \u041c\u0430\u043a\u0435\u0434\u043e\u043d\u0438\u0458\u0430 \u0435 \u0432\u043e \u043d\u0435\u043f\u043e\u0441\u0440\u0435\u0434\u043d\u0430 \u0432\u0440\u0441\u043a\u0430 \u0441\u043e \u0438\u0441\u0442\u043e\u0440\u0438\u0458\u0430\u0442\u0430 \u043d\u0430 \u041c\u0430\u043a\u0435\u0434\u043e\u043d\u0438\u0458\u0430 \u0438 \u043c\u0430\u043a\u0435\u0434\u043e\u043d\u0441\u043a\u0438\u043e\u0442 \u043d\u0430\u0440\u043e\u0434. \u0417\u0430\u0447\u0435\u0442\u043e\u0446\u0438\u0442\u0435 \u043d\u0430 \u0430\u0440\u0445\u0438\u0432\u0441\u043a\u0430 \u0434\u0435\u0458\u043d\u043e\u0441\u0442 \u043d\u0430 \u043f\u043e\u0447\u0432\u0430\u0442\u0430 \u043d\u0430 \u041c\u0430\u043a\u0435\u0434\u043e\u043d\u0438\u0458\u0430 \u043c\u043e\u0436\u0435 \u0434\u0430 \u0441\u0435 \u0431\u0430\u0440\u0430\u0430\u0442 \u0443\u0448\u0442\u0435 \u0437\u0430 \u0432\u0440\u0435\u043c\u0435 \u043d\u0430 \u0430\u043d\u0442\u0438\u0447\u043a\u043e\u0442\u043e \u043a\u0440\u0430\u043b\u0441\u0442\u0432\u043e \u041c\u0430\u043a\u0435\u0434\u043e\u043d\u0438\u0458\u0430, \u043a\u043e\u0433\u0430 \u0442\u0430\u0430 \u0433\u0440\u0430\u0453\u0430 \u0431\u0438\u043b\u0430 \u0447\u0443\u0432\u0430\u043d\u0430 \u0432\u043e \u043f\u043e\u0437\u043d\u0430\u0442\u0438\u043e\u0442 \u0410\u043b\u0435\u043a\u0441\u0430\u043d\u0434\u0440\u0438\u0441\u043a\u0438 \u0430\u0440\u0445\u0438\u0432. \u0412\u043e \u0434\u0435\u043d\u0435\u0448\u043d\u043e \u0432\u0440\u0435\u043c\u0435, \u0441\u043e \u0441\u0432\u043e\u0458\u0430\u0442\u0430 \u0441\u043e\u0432\u0440\u0435\u043c\u0435\u043d\u0430 \u043e\u0440\u0433\u0430\u043d\u0438\u0437\u0438\u0440\u0430\u043d\u043e\u0441\u0442 \u0438 \u043f\u0440\u043e\u0433\u0440\u0430\u043c\u0441\u043a\u0430 [&hellip;]<\/p>","protected":false},"author":2,"featured_media":2208,"comment_status":"open","ping_status":"closed","sticky":false,"template":"","format":"standard","meta":{"site-sidebar-layout":"default","site-content-layout":"default","ast-site-content-layout":"","site-content-style":"default","site-sidebar-style":"default","ast-global-header-display":"","ast-banner-title-visibility":"","ast-main-header-display":"","ast-hfb-above-header-display":"","ast-hfb-below-header-display":"","ast-hfb-mobile-header-display":"","site-post-title":"","ast-breadcrumbs-content":"","ast-featured-img":"","footer-sml-layout":"","theme-transparent-header-meta":"default","adv-header-id-meta":"","stick-header-meta":"","header-above-stick-meta":"","header-main-stick-meta":"","header-below-stick-meta":"","astra-migrate-meta-layouts":"default","ast-page-background-enabled":"default","ast-page-background-meta":{"desktop":{"background-color":"","background-image":"","background-repeat":"repeat","background-position":"center center","background-size":"auto","background-attachment":"scroll","background-type":"","background-media":"","overlay-type":"","overlay-color":"","overlay-opacity":"","overlay-gradient":""},"tablet":{"background-color":"","background-image":"","background-repeat":"repeat","background-position":"center center","background-size":"auto","background-attachment":"scroll","background-type":"","background-media":"","overlay-type":"","overlay-color":"","overlay-opacity":"","overlay-gradient":""},"mobile":{"background-color":"","background-image":"","background-repeat":"repeat","background-position":"center center","background-size":"auto","background-attachment":"scroll","background-type":"","background-media":"","overlay-type":"","overlay-color":"","overlay-opacity":"","overlay-gradient":""}},"ast-content-background-meta":{"desktop":{"background-color":"var(--ast-global-color-5)","background-image":"","background-repeat":"repeat","background-position":"center center","background-size":"auto","background-attachment":"scroll","background-type":"","background-media":"","overlay-type":"","overlay-color":"","overlay-opacity":"","overlay-gradient":""},"tablet":{"background-color":"var(--ast-global-color-5)","background-image":"","background-repeat":"repeat","background-position":"center center","background-size":"auto","background-attachment":"scroll","background-type":"","background-media":"","overlay-type":"","overlay-color":"","overlay-opacity":"","overlay-gradient":""},"mobile":{"background-color":"var(--ast-global-color-5)","background-image":"","background-repeat":"repeat","background-position":"center center","background-size":"auto","background-attachment":"scroll","background-type":"","background-media":"","overlay-type":"","overlay-color":"","overlay-opacity":"","overlay-gradient":""}},"footnotes":""},"categories":[3],"tags":[],"class_list":["post-2205","post","type-post","status-publish","format-standard","has-post-thumbnail","hentry","category-3"],"_links":{"self":[{"href":"https:\/\/arhiv.mk\/sq\/wp-json\/wp\/v2\/posts\/2205","targetHints":{"allow":["GET"]}}],"collection":[{"href":"https:\/\/arhiv.mk\/sq\/wp-json\/wp\/v2\/posts"}],"about":[{"href":"https:\/\/arhiv.mk\/sq\/wp-json\/wp\/v2\/types\/post"}],"author":[{"embeddable":true,"href":"https:\/\/arhiv.mk\/sq\/wp-json\/wp\/v2\/users\/2"}],"replies":[{"embeddable":true,"href":"https:\/\/arhiv.mk\/sq\/wp-json\/wp\/v2\/comments?post=2205"}],"version-history":[{"count":1,"href":"https:\/\/arhiv.mk\/sq\/wp-json\/wp\/v2\/posts\/2205\/revisions"}],"predecessor-version":[{"id":2207,"href":"https:\/\/arhiv.mk\/sq\/wp-json\/wp\/v2\/posts\/2205\/revisions\/2207"}],"wp:featuredmedia":[{"embeddable":true,"href":"https:\/\/arhiv.mk\/sq\/wp-json\/wp\/v2\/media\/2208"}],"wp:attachment":[{"href":"https:\/\/arhiv.mk\/sq\/wp-json\/wp\/v2\/media?parent=2205"}],"wp:term":[{"taxonomy":"category","embeddable":true,"href":"https:\/\/arhiv.mk\/sq\/wp-json\/wp\/v2\/categories?post=2205"},{"taxonomy":"post_tag","embeddable":true,"href":"https:\/\/arhiv.mk\/sq\/wp-json\/wp\/v2\/tags?post=2205"}],"curies":[{"name":"wp","href":"https:\/\/api.w.org\/{rel}","templated":true}]}}