{"id":6079,"date":"2021-07-02T12:39:33","date_gmt":"2021-07-02T12:39:33","guid":{"rendered":"https:\/\/arhiv.mk\/?p=6079"},"modified":"2021-07-02T12:41:15","modified_gmt":"2021-07-02T12:41:15","slug":"%d0%b4%d1%80%d0%b6%d0%b0%d0%b2%d0%bd%d0%b8%d0%be%d1%82-%d0%b0%d1%80%d1%85%d0%b8%d0%b2-%d0%b4%d0%b5%d0%bb-%d0%be%d0%b4-%d0%b0%d1%80%d1%85%d0%b8%d0%b2%d1%81%d0%ba%d0%b8%d0%be%d1%82-%d0%ba%d0%be%d0%bc","status":"publish","type":"post","link":"https:\/\/arhiv.mk\/sq\/2021\/07\/02\/%d0%b4%d1%80%d0%b6%d0%b0%d0%b2%d0%bd%d0%b8%d0%be%d1%82-%d0%b0%d1%80%d1%85%d0%b8%d0%b2-%d0%b4%d0%b5%d0%bb-%d0%be%d0%b4-%d0%b0%d1%80%d1%85%d0%b8%d0%b2%d1%81%d0%ba%d0%b8%d0%be%d1%82-%d0%ba%d0%be%d0%bc\/","title":{"rendered":"Arkivi shtet\u00ebror pjes\u00eb e komitetit arkivor t\u00eb NATO-s"},"content":{"rendered":"<p class=\"has-text-align-center\" style=\"font-size:18px\">Arkivi shtet\u00ebror p\u00ebr her\u00eb t\u00eb par\u00eb mori pjes\u00eb n\u00eb takimin e Komitetit t\u00eb Arkivor t\u00eb NATO-s, n\u00eb t\u00eb cilin zyrtarisht konfirmohet p\u00ebrkat\u00ebsia jon\u00eb si institucion n\u00eb k\u00ebt\u00eb Komitet t\u00eb Aleanc\u00ebs<\/p>\n\n\n\n<div class=\"wp-block-image\"><figure class=\"aligncenter size-large is-resized\"><img fetchpriority=\"high\" decoding=\"async\" src=\"https:\/\/arhiv.mk\/wp-content\/uploads\/2021\/07\/nato.jpg\" alt=\"\" class=\"wp-image-6080\" width=\"714\" height=\"252\" srcset=\"https:\/\/arhiv.mk\/wp-content\/uploads\/2021\/07\/nato.jpg 774w, https:\/\/arhiv.mk\/wp-content\/uploads\/2021\/07\/nato-300x106.jpg 300w, https:\/\/arhiv.mk\/wp-content\/uploads\/2021\/07\/nato-768x271.jpg 768w, https:\/\/arhiv.mk\/wp-content\/uploads\/2021\/07\/nato-16x6.jpg 16w\" sizes=\"(max-width: 714px) 100vw, 714px\" \/><\/figure><\/div>\n\n\n\n<p class=\"has-text-align-center\">Me ftes\u00eb t\u00eb Komitetit t\u00eb Arkivit t\u00eb NATO-s drejtori i Arkivit shtet\u00ebror dr. Emil Krsteski dhe Svetlana Usprcova, udh\u00ebheq\u00ebse n\u00eb Sektorin p\u00ebr hulumtim, shfryt\u00ebzim dhe publikim t\u00eb materialit arkivor, p\u00ebr her\u00eb t\u00eb par\u00eb zyrtarisht mor\u00ebn pjes\u00eb n\u00eb takimin me Komitetin Arkivor t\u00eb NATO-s.\nN\u00eb takimin i cili u mbajt me 1 korrik t\u00eb vitit 2021, me p\u00ebrdorim t\u00eb  platform\u00ebn on-line Zoom, mor\u00ebn pjes\u00eb rreth 60 historian\u00eb q\u00eb mbi t\u00eb gjitha merren me histori ushtarake dhe arkivist\u00eb nga arkivat komb\u00ebtare t\u00eb Britanis\u00eb s\u00eb Madhe, Franc\u00ebs, Gjermanis\u00eb, Kanadas\u00eb, Shteteve t\u00eb Bashkuara t\u00eb Amerik\u00ebs, Hollanda,  Krocis\u00eb, Bosnja dhe Hercegovina, Republika e Maqedonis\u00eb s\u00eb Veriut dhe t\u00eb tjer\u00eb.<\/p>\n\n\n\n<div class=\"wp-block-image\"><figure class=\"aligncenter size-large is-resized\"><img decoding=\"async\" src=\"https:\/\/arhiv.mk\/wp-content\/uploads\/2021\/07\/IMG-b4628c122adad536d0d01722d8b150d5-V.jpg\" alt=\"\" class=\"wp-image-6081\" width=\"405\" height=\"465\" srcset=\"https:\/\/arhiv.mk\/wp-content\/uploads\/2021\/07\/IMG-b4628c122adad536d0d01722d8b150d5-V.jpg 810w, https:\/\/arhiv.mk\/wp-content\/uploads\/2021\/07\/IMG-b4628c122adad536d0d01722d8b150d5-V-261x300.jpg 261w, https:\/\/arhiv.mk\/wp-content\/uploads\/2021\/07\/IMG-b4628c122adad536d0d01722d8b150d5-V-768x882.jpg 768w, https:\/\/arhiv.mk\/wp-content\/uploads\/2021\/07\/IMG-b4628c122adad536d0d01722d8b150d5-V-10x12.jpg 10w\" sizes=\"(max-width: 405px) 100vw, 405px\" \/><\/figure><\/div>\n\n\n\n<p class=\"has-text-align-center\">Ky takim \u00ebsht\u00eb i r\u00ebnd\u00ebsish\u00ebm sepse \u00ebsht\u00eb hapi i par\u00eb i bashk\u00ebpunimit t\u00eb Arkivit shtet\u00ebror me Komitetin arkivor t\u00eb NATO-s pasi q\u00eb me 27 mars t\u00eb vitit t\u00eb kaluar vendi jon\u00eb u b\u00eb an\u00ebtar i plot\u00eb i Aleanc\u00ebs s\u00eb NATO-s.\nDdr. Emil Krsteski n\u00eb fjalimin e tij  pjes\u00ebn e par\u00eb t\u00eb takimit ju referua r\u00ebnd\u00ebsis\u00eb s\u00eb dokumenteve nga arkivi i NATO-s p\u00ebr historin\u00eb e vendit ton\u00eb dhe p\u00ebr historian\u00ebt q\u00eb merren me historin\u00eb bashk\u00ebkohore dhe dha nj\u00eb pasqyr\u00eb t\u00eb dokumenteve n\u00eb lidhje me NATO-n t\u00eb cilat gjinden n\u00eb Arkivin ton\u00eb.  Ai gjithashtu dha inciativ\u00ebn p\u00ebr t\u00eb botuar nj\u00eb broshur\u00eb q\u00eb do t\u00eb p\u00ebrmbaj\u00eb t\u00eb gjitha dokumentet e r\u00ebnd\u00ebsishme n\u00eb lidhje me rrug\u00ebn e antar\u00ebsimit ton\u00eb n\u00eb Aleanc\u00eb.<\/p>\n\n\n\n<p class=\"has-text-align-center\">M\u00eb pas udh\u00ebheq\u00ebsi i Sektorit  Svetllana Usprcova  pati nj\u00eb prezantim me tem\u00ebn: \u2018Qasja n\u00eb materialet arkivore n\u00eb Arkivin shtet\u00ebror, k\u00ebrkimi i materialeve t\u00eb reja arkivore dhe fondeve arkivore n\u00eb lidhje me NATO-n\u2019\u2019, e cila u p\u00ebrcjell me interes t\u00eb theksuar nga pjes\u00ebmarr\u00ebsit n\u00eb takim.\nN\u00eb takim  u bisedua p\u00ebr llojet e dokumenteve arkivore nga aktivitet e  NATO-s t\u00eb cilat mbi t\u00eb gjitha jan\u00eb ditar\u00eb operative ose ushtarake, p\u00ebr nevoj\u00ebn e deklasifikimit t\u00eb tyre dhe v\u00ebnjien e tyre n\u00eb dispozicion t\u00eb publikut pas nj\u00eb periudhe t\u00eb caktuar kohe, si dhe  p\u00ebr fondet e arkivore t\u00eb NATO-s, n\u00eb lidhje me operacionet n\u00eb Bosnj\u00eb dhe Hercegovin\u00eb ( IFOR dhe SFOR).<\/p>","protected":false},"excerpt":{"rendered":"<p>\u0414\u0440\u0436\u0430\u0432\u043d\u0438\u043e\u0442 \u0430\u0440\u0445\u0438\u0432 \u043f\u0440\u0432\u043f\u0430\u0442 \u0443\u0447\u0435\u0441\u0442\u0432\u0443\u0432\u0430 \u043d\u0430 \u0441\u043e\u0441\u0442\u0430\u043d\u043e\u043a \u043d\u0430 \u0410\u0440\u0445\u0438\u0432\u0441\u043a\u0438\u043e\u0442 \u043a\u043e\u043c\u0438\u0442\u0435\u0442 \u043d\u0430 \u041d\u0410\u0422\u041e, \u0441\u043e \u0448\u0442\u043e \u0438 \u043e\u0444\u0438\u0446\u0438\u0458\u0430\u043b\u043d\u043e \u0441\u0435 \u043f\u043e\u0442\u0432\u0440\u0434\u0443\u0432\u0430 \u043d\u0430\u0448\u0430\u0442\u0430 \u043f\u0440\u0438\u043f\u0430\u0434\u043d\u043e\u0441\u0442 \u043a\u0430\u043a\u043e \u0438\u043d\u0441\u0442\u0438\u0442\u0443\u0446\u0438\u0458\u0430 \u0432\u043e \u043e\u0432\u043e\u0458 \u041a\u043e\u043c\u0438\u0442\u0435\u0442 \u043d\u0430 \u0410\u043b\u0438\u0458\u0430\u043d\u0441\u0430\u0442\u0430 \u041d\u0430 \u043f\u043e\u043a\u0430\u043d\u0430 \u043d\u0430 \u0410\u0440\u0445\u0438\u0432\u0441\u043a\u0438\u043e\u0442 \u043a\u043e\u043c\u0438\u0442\u0435\u0442 \u043d\u0430 \u041d\u0410\u0422\u041e, \u0434\u0438\u0440\u0435\u043a\u0442\u043e\u0440\u043e\u0442 \u043d\u0430 \u0414\u0440\u0436\u0430\u0432\u043d\u0438\u043e\u0442 \u0430\u0440\u0445\u0438\u0432 \u0434-\u0440 \u0415\u043c\u0438\u043b \u041a\u0440\u0441\u0442\u0435\u0441\u043a\u0438 \u0438 \u0421\u0432\u0435\u0442\u043b\u0430\u043d\u0430 \u0423\u0441\u043f\u0440\u0446\u043e\u0432\u0430, \u0440\u0430\u043a\u043e\u0432\u043e\u0434\u0438\u0442\u0435\u043b \u043d\u0430 \u0441\u0435\u043a\u0442\u043e\u0440 \u0437\u0430 \u0438\u0441\u0442\u0440\u0430\u0436\u0443\u0432\u0430\u045a\u0435, \u043c\u0435\u0453\u0443\u043d\u0430\u0440\u043e\u0434\u043d\u0430 \u0438 \u0434\u043e\u043c\u0430\u0448\u043d\u0430 \u0441\u043e\u0440\u0430\u0431\u043e\u0442\u043a\u0430 \u0438 \u043f\u0443\u0431\u043b\u0438\u043a\u0443\u0432\u0430\u045a\u0435 \u043d\u0430 [&hellip;]<\/p>","protected":false},"author":3,"featured_media":6080,"comment_status":"open","ping_status":"closed","sticky":false,"template":"","format":"standard","meta":{"site-sidebar-layout":"default","site-content-layout":"default","ast-site-content-layout":"","site-content-style":"default","site-sidebar-style":"default","ast-global-header-display":"","ast-banner-title-visibility":"","ast-main-header-display":"","ast-hfb-above-header-display":"","ast-hfb-below-header-display":"","ast-hfb-mobile-header-display":"","site-post-title":"","ast-breadcrumbs-content":"","ast-featured-img":"","footer-sml-layout":"","theme-transparent-header-meta":"default","adv-header-id-meta":"","stick-header-meta":"","header-above-stick-meta":"","header-main-stick-meta":"","header-below-stick-meta":"","astra-migrate-meta-layouts":"default","ast-page-background-enabled":"default","ast-page-background-meta":{"desktop":{"background-color":"","background-image":"","background-repeat":"repeat","background-position":"center center","background-size":"auto","background-attachment":"scroll","background-type":"","background-media":"","overlay-type":"","overlay-color":"","overlay-opacity":"","overlay-gradient":""},"tablet":{"background-color":"","background-image":"","background-repeat":"repeat","background-position":"center center","background-size":"auto","background-attachment":"scroll","background-type":"","background-media":"","overlay-type":"","overlay-color":"","overlay-opacity":"","overlay-gradient":""},"mobile":{"background-color":"","background-image":"","background-repeat":"repeat","background-position":"center center","background-size":"auto","background-attachment":"scroll","background-type":"","background-media":"","overlay-type":"","overlay-color":"","overlay-opacity":"","overlay-gradient":""}},"ast-content-background-meta":{"desktop":{"background-color":"var(--ast-global-color-5)","background-image":"","background-repeat":"repeat","background-position":"center center","background-size":"auto","background-attachment":"scroll","background-type":"","background-media":"","overlay-type":"","overlay-color":"","overlay-opacity":"","overlay-gradient":""},"tablet":{"background-color":"var(--ast-global-color-5)","background-image":"","background-repeat":"repeat","background-position":"center center","background-size":"auto","background-attachment":"scroll","background-type":"","background-media":"","overlay-type":"","overlay-color":"","overlay-opacity":"","overlay-gradient":""},"mobile":{"background-color":"var(--ast-global-color-5)","background-image":"","background-repeat":"repeat","background-position":"center center","background-size":"auto","background-attachment":"scroll","background-type":"","background-media":"","overlay-type":"","overlay-color":"","overlay-opacity":"","overlay-gradient":""}},"footnotes":""},"categories":[3],"tags":[],"class_list":["post-6079","post","type-post","status-publish","format-standard","has-post-thumbnail","hentry","category-3"],"_links":{"self":[{"href":"https:\/\/arhiv.mk\/sq\/wp-json\/wp\/v2\/posts\/6079","targetHints":{"allow":["GET"]}}],"collection":[{"href":"https:\/\/arhiv.mk\/sq\/wp-json\/wp\/v2\/posts"}],"about":[{"href":"https:\/\/arhiv.mk\/sq\/wp-json\/wp\/v2\/types\/post"}],"author":[{"embeddable":true,"href":"https:\/\/arhiv.mk\/sq\/wp-json\/wp\/v2\/users\/3"}],"replies":[{"embeddable":true,"href":"https:\/\/arhiv.mk\/sq\/wp-json\/wp\/v2\/comments?post=6079"}],"version-history":[{"count":2,"href":"https:\/\/arhiv.mk\/sq\/wp-json\/wp\/v2\/posts\/6079\/revisions"}],"predecessor-version":[{"id":6083,"href":"https:\/\/arhiv.mk\/sq\/wp-json\/wp\/v2\/posts\/6079\/revisions\/6083"}],"wp:featuredmedia":[{"embeddable":true,"href":"https:\/\/arhiv.mk\/sq\/wp-json\/wp\/v2\/media\/6080"}],"wp:attachment":[{"href":"https:\/\/arhiv.mk\/sq\/wp-json\/wp\/v2\/media?parent=6079"}],"wp:term":[{"taxonomy":"category","embeddable":true,"href":"https:\/\/arhiv.mk\/sq\/wp-json\/wp\/v2\/categories?post=6079"},{"taxonomy":"post_tag","embeddable":true,"href":"https:\/\/arhiv.mk\/sq\/wp-json\/wp\/v2\/tags?post=6079"}],"curies":[{"name":"wp","href":"https:\/\/api.w.org\/{rel}","templated":true}]}}