{"id":8227,"date":"2022-09-07T09:37:32","date_gmt":"2022-09-07T07:37:32","guid":{"rendered":"https:\/\/arhiv.mk\/?p=8227"},"modified":"2022-09-07T09:47:37","modified_gmt":"2022-09-07T07:47:37","slug":"%d1%82%d1%80%d0%b8%d0%b5%d1%81%d0%b5%d1%82-%d0%b8-%d0%b5%d0%b4%d0%bd%d0%b0-%d0%b3%d0%be%d0%b4%d0%b8%d0%bd%d0%b0-%d0%bd%d0%b5%d0%b7%d0%b0%d0%b2%d0%b8%d1%81%d0%bd","status":"publish","type":"post","link":"https:\/\/arhiv.mk\/sq\/2022\/09\/07\/%d1%82%d1%80%d0%b8%d0%b5%d1%81%d0%b5%d1%82-%d0%b8-%d0%b5%d0%b4%d0%bd%d0%b0-%d0%b3%d0%be%d0%b4%d0%b8%d0%bd%d0%b0-%d0%bd%d0%b5%d0%b7%d0%b0%d0%b2%d0%b8%d1%81%d0%bd\/","title":{"rendered":"\u00a0\u00a0\u00a0\u00a0\u00a0\u00a0 TRIDHJET\u00cb E NJ\u00cb VJET \u2013 SHTET I PAVARUR"},"content":{"rendered":"<p>M\u00eb 8 shtator, Republika e Maqedonis\u00eb s\u00eb Veriut feston 31 vjet nga arritja e pavar\u00ebsis\u00eb. N\u00eb k\u00ebt\u00eb dat\u00eb t\u00eb vitit 1991, qytetar\u00ebt u deklaruan p\u00ebr nj\u00eb shtet t\u00eb pavarur q\u00eb filloi rrug\u00ebn e tij drejt vendosjes si subjekt n\u00eb bashk\u00ebsin\u00eb nd\u00ebrkomb\u00ebtare.<\/p>\n\n\n\n<p>N\u00eb fund t\u00eb viteve tet\u00ebdhjet\u00eb t\u00eb shekullit t\u00eb XX-t\u00eb, v\u00ebshtir\u00ebsit\u00eb n\u00eb jet\u00ebn politike dhe ekonomike n\u00eb Maqedoni shkaktuan ndryshime q\u00eb do t\u00eb siguronin nj\u00eb zhvillim m\u00eb t\u00eb shpejt\u00eb t\u00eb demokracis\u00eb dhe ekonomis\u00eb. P\u00ebrve\u00e7 partis\u00eb s\u00eb vetme q\u00eb ishte n\u00eb pushtet - Bashkimit t\u00eb Komunist\u00ebve t\u00eb Maqedonis\u00eb, filluan t\u00eb krijohen edhe parti t\u00eb tjera politike. N\u00eb zgjedhjet e para shum\u00ebpartiake n\u00eb Maqedoni, t\u00eb cilat u mbajt\u00ebn n\u00eb vjesht\u00ebn e vitit 1990, n\u00eb Kuvendin ton\u00eb u zgjodh\u00ebn 120 deputet\u00eb popullor. Pas krijimit t\u00eb Kuvendit t\u00eb par\u00eb shum\u00ebpartiak, u zgjodh edhe Qeveria e re.<\/p>\n\n\n\n<p>M\u00eb 8 shtator 1991, 95% e qytetar\u00ebve t\u00eb cil\u00ebt dol\u00ebn n\u00eb referendum jan\u00eb p\u00ebrgjigjur pozitivisht n\u00eb pyetjen e referendumit \u201cA jeni p\u00ebr nj\u00eb Maqedoni t\u00eb pavarur me t\u00eb drejt\u00ebn e an\u00ebtar\u00ebsimit n\u00eb nj\u00eb bashkim t\u00eb ardhsh\u00ebm t\u00eb shteteve sovrane t\u00eb Jugosllavis\u00eb\u201d. Komisioni konstaton shumic\u00ebn e qytetar\u00ebve me t\u00eb drejt\u00eb vote n\u00eb Maqedoni, t\u00eb cil\u00ebt jan\u00eb deklaruar&nbsp;<em>\u201e<\/em>p\u00ebr<em>\u201c<\/em>&nbsp;nj\u00eb Maqedoni t\u00eb pavarur dhe sovrane.<\/p>\n\n\n\n<p>N\u00eb mbr\u00ebmjen e 8 shtatorit te vitit 1991, n\u00eb Sheshin e Shkupit u organizua nj\u00eb fest\u00eb, ku u mblodh\u00ebn shum\u00eb njer\u00ebz dhe u festua rezultati i suksessh\u00ebm i referendumit. N\u00eb k\u00ebt\u00eb fest\u00eb me fjalime t\u00eb shkurtra u drejtuan kryetari i par\u00eb i Maqedonis\u00eb s\u00eb pavarur Kiro Gligorov, kryetari i par\u00eb i Qeveris\u00eb Nikolla Kljusev dhe kryetari i par\u00eb i Kuvendit Stojan Andov.<\/p>\n\n\n\n<figure class=\"wp-block-image size-full\"><img fetchpriority=\"high\" decoding=\"async\" width=\"700\" height=\"373\" src=\"https:\/\/arhiv.mk\/wp-content\/uploads\/2022\/09\/nezavisnost-700x373-1.jpg\" alt=\"\" class=\"wp-image-8228\" srcset=\"https:\/\/arhiv.mk\/wp-content\/uploads\/2022\/09\/nezavisnost-700x373-1.jpg 700w, https:\/\/arhiv.mk\/wp-content\/uploads\/2022\/09\/nezavisnost-700x373-1-300x160.jpg 300w, https:\/\/arhiv.mk\/wp-content\/uploads\/2022\/09\/nezavisnost-700x373-1-16x9.jpg 16w\" sizes=\"(max-width: 700px) 100vw, 700px\" \/><\/figure>\n\n\n\n<p>\u201e<em>\"Qytetar\u00eb dhe qytetare t\u00eb Maqedonis\u00eb, m\u00eb lejoni sonte t'ju uroj juve dhe t\u00eb gjith\u00eb qytetar\u00ebve dhe qytetareve t\u00eb Maqedonis\u00eb, Maqedonis\u00eb s\u00eb lir\u00eb, sovrane dhe t\u00eb pavarur<\/em>deklaroi kryetari i at\u00ebhersh\u00ebm i Maqedonis\u00eb s\u00eb pavarur, <strong>Kiro Gligorov<\/strong>, me shpalljen e rezultateve t\u00eb referendumit.<\/p>\n\n\n\n<p><em>\u201cMe referendumin, para s\u00eb gjithash, k\u00ebrkon nj\u00eb qasje afirmative ndaj luft\u00ebs shekullore t\u00eb popullit maqedonas, e cila dikur zgjidhej me arm\u00eb dhe gjak. Sot, t\u00eb lir\u00eb me nd\u00ebrgjegjen dhe kultur\u00ebn ton\u00eb komb\u00ebtare, vendos\u00ebm mbi t\u00eb gjitha t\u00eb jemi shtet i pavarur dhe sovran. Ne duhet t'i qasemi rrug\u00ebtimit paq\u00ebsor t\u00eb shtetit ton\u00eb sovran dhe t\u00eb krijojm\u00eb nj\u00eb partneritet me t\u00eb gjith\u00eb ata q\u00eb do t\u00eb jen\u00eb t\u00eb interesuar t\u00eb jen\u00eb me ne dhe Evropa \u00ebsht\u00eb sht\u00ebpia q\u00eb do t\u00eb na integroj\u00eb dhe na bashkoj\u00eb.\"<\/em>\"- <strong>- Nikola Kljusev.<\/strong>.<\/p>\n\n\n\n<p><em>\u201cMe k\u00ebt\u00eb vendim t\u00eb marr\u00eb sot nga qytetar\u00ebt e Maqedonis\u00eb, hapet nj\u00eb proces intensiv i nd\u00ebrtimit t\u00eb shtetit maqedonas, i nd\u00ebrtimit t\u00eb marr\u00ebdh\u00ebnieve t\u00eb saj n\u00eb Jugosllavi me shtetet e tjera sovrane, si dhe me fqinj\u00ebt e saj dhe me Evrop\u00ebn. Nga kjo gjenerat\u00eb q\u00eb organizon referendumin, t\u00eb rinjt\u00eb marrin amanet p\u00ebr t\u00eb qen\u00eb n\u00eb at\u00eb nivel, madje duke i tejkaluar arritjet tona\u201d<\/em>\"- <strong>Stojan Andov.<\/strong><\/p>\n\n\n\n<p>Referendumit i parapriu nj\u00eb Deklarat\u00eb e Pavar\u00ebsis\u00eb, e cila u miratua nga parlamenti i par\u00eb shum\u00ebpartiak\u00a0<a href=\"https:\/\/mk.wikipedia.org\/wiki\/%D0%A1%D0%BE%D0%B1%D1%80%D0%B0%D0%BD%D0%B8%D0%B5_%D0%BD%D0%B0_%D0%A0%D0%B5%D0%BF%D1%83%D0%B1%D0%BB%D0%B8%D0%BA%D0%B0_%D0%9C%D0%B0%D0%BA%D0%B5%D0%B4%D0%BE%D0%BD%D0%B8%D1%98%D0%B0\" target=\"_blank\" rel=\"noopener\">maqedonas<\/a> m\u00eb 25 janar 1991.<\/p>\n\n\n\n<p>Formalisht, vullneti i popullit p\u00ebr shtet t\u00eb pavarur u konfirmua me Deklarata p\u00ebr pranimin e rezultateve t\u00eb referendumit t\u00eb 18 shtatorit 1991 n\u00eb Kuvendin e Republik\u00ebs s\u00eb Maqedonis\u00eb. M\u00eb pas, m\u00eb 17 n\u00ebntor 1991 u miratua Kushtetuta e re, e cila garanton t\u00eb drejta dhe liri m\u00eb t\u00eb m\u00ebdha p\u00ebr qytetar\u00ebt dhe me t\u00eb t\u00eb gjith\u00eb jan\u00eb t\u00eb barabart\u00eb.<\/p>\n\n\n\n<p>N\u00eb lidhje me vendosjen e subjektivitetit juridik nd\u00ebrkomb\u00ebtar dhe pas d\u00ebshtimit t\u00eb Konferenc\u00ebs p\u00ebr Zgjidhjen Paq\u00ebsore t\u00eb Kriz\u00ebs n\u00eb Jugosllavi, ky\u00e7e e miratuar nga K\u00ebshilli i Ministrave t\u00eb Komunitetit Evropian m\u00eb 16 dhjetor 1991, Deklarata mbi shp\u00ebrb\u00ebrjen e Jugosllavis\u00eb, me t\u00eb  cil\u00ebn u b\u00eb nj\u00eb thirrje republikave jugosllave q\u00eb t\u00eb deklarojn\u00eb n\u00ebse duan t\u00eb b\u00ebhen shtete t\u00eb pavarura dhe t\u00eb njohura nd\u00ebrkomb\u00ebtarisht.<\/p>\n\n\n\n<p>Maqedonia, s\u00eb bashku me tre nga gjasht\u00eb republikat ish-jugosllave, Sllovenin\u00eb, Kroacin\u00eb dhe BiH, u deklaruan  pozitivisht rreth Deklarat\u00ebs. Megjithat\u00eb, edhe pse vet\u00ebm Maqedonia dhe Sllovenia mor\u00ebn vler\u00ebsime pozitive nga Komisioni Badenter i formuar posa\u00e7\u00ebrisht se i plot\u00ebsojn\u00eb kushtet p\u00ebr t\u00eb fituar pavar\u00ebsin\u00eb, Komuniteti Evropian n\u00eb janar 1992 njohu vet\u00ebm Sllovenin\u00eb dhe Kroacin\u00eb.<\/p>\n\n\n\n<p>N\u00eb at\u00eb periudh\u00eb, m\u00eb sakt\u00ebsisht m\u00eb 15 janar 1992, Bullgaria dhe Turqia ishin vendet e para q\u00eb njoh\u00ebn shtet\u00ebsin\u00eb e Maqedonis\u00eb. M\u00eb pas erdh\u00ebn njohjet nga Sllovenia, Kroacia, Bosnja dhe Hercegovina dhe shum\u00eb vende t\u00eb tjera.<\/p>\n\n\n\n<p>Subjektiviteti juridik nd\u00ebrkomb\u00ebtar i shtetit u konfirmua p\u00ebrfundimisht m\u00eb 8 prill 1993, kur me aklamacion n\u00eb Asamblen\u00eb e P\u00ebrgjithshme t\u00eb Kombeve t\u00eb Bashkuara, Maqedonia u pranua si an\u00ebtarja e 181-t\u00eb me t\u00eb drejta t\u00eb plota n\u00eb Organizat\u00ebn Bot\u00ebrore. Por, p\u00ebr shkak t\u00eb kund\u00ebrshtimeve dhe presioneve t\u00eb Greqis\u00eb, e cila nuk e pranoi emrin ton\u00eb kushtetues, an\u00ebtar\u00ebsimi n\u00eb OKB u b\u00eb me referenc\u00ebn e p\u00ebrkohshme - Ish Republika Jugosllave e Maqedonis\u00eb.<\/p>\n\n\n\n<p>N\u00eb 31 vitet e kaluara t\u00eb jet\u00ebs s\u00eb pavarur, shteti maqedonas kaloi n\u00ebp\u00ebr shum\u00eb sprova dhe sfida, t\u00eb cilat e ngadal\u00ebsuan rrug\u00ebn e tij drejt realizimit t\u00eb q\u00ebllimeve strategjike - konsolidimit t\u00eb demokracis\u00eb dhe integrimit n\u00eb strukturat euroatlantike. P\u00ebr shkak t\u00eb q\u00ebndrimeve t\u00eb njohura t\u00eb Greqis\u00eb fqinje lidhur me p\u00ebrdorimin e emrit ton\u00eb kushtetues, Republika e Maqedonis\u00eb n\u00ebnshkroi t\u00eb ashtuquajtur\u00ebn Marr\u00ebveshje t\u00eb Presp\u00ebs n\u00eb ver\u00ebn e vitit 2018 dhe zyrtarisht e ndryshoi emrin n\u00eb Republika e Maqedonis\u00eb s\u00eb Veriut, me q\u00ebllim q\u00eb t\u00eb t\u00eb realizoj\u00eb an\u00ebtar\u00ebsimin e plot\u00eb n\u00eb NATO, q\u00eb ndodhi m\u00eb 26 shkurt 2020 dhe t\u00eb vazhdoj\u00eb integrimin n\u00eb Bashkimin Evropian.<\/p>\n\n\n\n<div class=\"wp-block-group is-layout-flow wp-block-group-is-layout-flow\"><div class=\"wp-block-group__inner-container\">\n<div class=\"wp-block-columns is-layout-flex wp-container-core-columns-is-layout-28f84493 wp-block-columns-is-layout-flex\">\n<div class=\"wp-block-column is-layout-flow wp-block-column-is-layout-flow\" style=\"flex-basis:100%\">\n<figure class=\"wp-block-image size-large is-resized\"><img decoding=\"async\" src=\"https:\/\/arhiv.mk\/wp-content\/uploads\/2022\/09\/Deklaracija_megunarodno-priznavanje-Predna-1-724x1024.jpg\" alt=\"\" class=\"wp-image-8232\" width=\"289\" height=\"408\" srcset=\"https:\/\/arhiv.mk\/wp-content\/uploads\/2022\/09\/Deklaracija_megunarodno-priznavanje-Predna-1-724x1024.jpg 724w, https:\/\/arhiv.mk\/wp-content\/uploads\/2022\/09\/Deklaracija_megunarodno-priznavanje-Predna-1-212x300.jpg 212w, https:\/\/arhiv.mk\/wp-content\/uploads\/2022\/09\/Deklaracija_megunarodno-priznavanje-Predna-1-768x1086.jpg 768w, https:\/\/arhiv.mk\/wp-content\/uploads\/2022\/09\/Deklaracija_megunarodno-priznavanje-Predna-1-1086x1536.jpg 1086w, https:\/\/arhiv.mk\/wp-content\/uploads\/2022\/09\/Deklaracija_megunarodno-priznavanje-Predna-1-1448x2048.jpg 1448w, https:\/\/arhiv.mk\/wp-content\/uploads\/2022\/09\/Deklaracija_megunarodno-priznavanje-Predna-1-8x12.jpg 8w, https:\/\/arhiv.mk\/wp-content\/uploads\/2022\/09\/Deklaracija_megunarodno-priznavanje-Predna-1-scaled.jpg 1810w\" sizes=\"(max-width: 289px) 100vw, 289px\" \/><figcaption>Deklarata p\u00ebr njohjen nd\u00ebrkomb\u00ebtare t\u00eb Republik\u00ebs s\u00eb Maqedonis\u00eb si shtet sovran dhe i pavarur<\/figcaption><\/figure>\n<\/div>\n<\/div>\n<\/div><\/div>\n\n\n\n<p>N\u00eb Arkivin  Shtet\u00ebror,  institucion q\u00eb \u00ebsht\u00eb kujdestar i s\u00eb kaluar\u00ebs, gjenden t\u00eb gjitha deklaratat dhe dokumentet e r\u00ebnd\u00ebsishme q\u00eb kan\u00eb dal\u00eb nga puna e Kuvendit q\u00eb nga pavar\u00ebsia e deri m\u00eb sot, si dhe shum\u00eb dokumente t\u00eb tjera q\u00eb lidhen me historin\u00eb m\u00eb t\u00eb re t\u00eb vendit ton\u00eb.<\/p>\n\n\n\n<figure class=\"wp-block-image size-large\"><img decoding=\"async\" width=\"741\" height=\"1024\" src=\"https:\/\/arhiv.mk\/wp-content\/uploads\/2022\/09\/Deklaracija-za-suverenost-25jan991-1strana-741x1024.jpg\" alt=\"\" class=\"wp-image-8234\" srcset=\"https:\/\/arhiv.mk\/wp-content\/uploads\/2022\/09\/Deklaracija-za-suverenost-25jan991-1strana-741x1024.jpg 741w, https:\/\/arhiv.mk\/wp-content\/uploads\/2022\/09\/Deklaracija-za-suverenost-25jan991-1strana-217x300.jpg 217w, https:\/\/arhiv.mk\/wp-content\/uploads\/2022\/09\/Deklaracija-za-suverenost-25jan991-1strana-768x1062.jpg 768w, https:\/\/arhiv.mk\/wp-content\/uploads\/2022\/09\/Deklaracija-za-suverenost-25jan991-1strana-1111x1536.jpg 1111w, https:\/\/arhiv.mk\/wp-content\/uploads\/2022\/09\/Deklaracija-za-suverenost-25jan991-1strana-1481x2048.jpg 1481w, https:\/\/arhiv.mk\/wp-content\/uploads\/2022\/09\/Deklaracija-za-suverenost-25jan991-1strana-9x12.jpg 9w, https:\/\/arhiv.mk\/wp-content\/uploads\/2022\/09\/Deklaracija-za-suverenost-25jan991-1strana.jpg 1690w\" sizes=\"(max-width: 741px) 100vw, 741px\" \/><\/figure>\n\n\n\n<figure class=\"wp-block-image size-large\"><img loading=\"lazy\" decoding=\"async\" width=\"741\" height=\"1024\" src=\"https:\/\/arhiv.mk\/wp-content\/uploads\/2022\/09\/Deklaracija-za-suverenost-25jan991-2strana-741x1024.jpg\" alt=\"\" class=\"wp-image-8235\" srcset=\"https:\/\/arhiv.mk\/wp-content\/uploads\/2022\/09\/Deklaracija-za-suverenost-25jan991-2strana-741x1024.jpg 741w, https:\/\/arhiv.mk\/wp-content\/uploads\/2022\/09\/Deklaracija-za-suverenost-25jan991-2strana-217x300.jpg 217w, https:\/\/arhiv.mk\/wp-content\/uploads\/2022\/09\/Deklaracija-za-suverenost-25jan991-2strana-768x1062.jpg 768w, https:\/\/arhiv.mk\/wp-content\/uploads\/2022\/09\/Deklaracija-za-suverenost-25jan991-2strana-1111x1536.jpg 1111w, https:\/\/arhiv.mk\/wp-content\/uploads\/2022\/09\/Deklaracija-za-suverenost-25jan991-2strana-1481x2048.jpg 1481w, https:\/\/arhiv.mk\/wp-content\/uploads\/2022\/09\/Deklaracija-za-suverenost-25jan991-2strana-9x12.jpg 9w, https:\/\/arhiv.mk\/wp-content\/uploads\/2022\/09\/Deklaracija-za-suverenost-25jan991-2strana.jpg 1690w\" sizes=\"(max-width: 741px) 100vw, 741px\" \/><figcaption>Deklarata p\u00ebr Sovranitetin e Republik\u00ebs s\u00eb Maqedonis\u00eb, e dat\u00ebs 25 janar 1991<\/figcaption><\/figure>\n\n\n\n<figure class=\"wp-block-image size-large\"><img loading=\"lazy\" decoding=\"async\" width=\"731\" height=\"1024\" src=\"https:\/\/arhiv.mk\/wp-content\/uploads\/2022\/09\/Deklaracija-za-odrzan-referendum-17sept1991-1strana-Copy-731x1024.jpg\" alt=\"\" class=\"wp-image-8236\" srcset=\"https:\/\/arhiv.mk\/wp-content\/uploads\/2022\/09\/Deklaracija-za-odrzan-referendum-17sept1991-1strana-Copy-731x1024.jpg 731w, https:\/\/arhiv.mk\/wp-content\/uploads\/2022\/09\/Deklaracija-za-odrzan-referendum-17sept1991-1strana-Copy-214x300.jpg 214w, https:\/\/arhiv.mk\/wp-content\/uploads\/2022\/09\/Deklaracija-za-odrzan-referendum-17sept1991-1strana-Copy-768x1076.jpg 768w, https:\/\/arhiv.mk\/wp-content\/uploads\/2022\/09\/Deklaracija-za-odrzan-referendum-17sept1991-1strana-Copy-1096x1536.jpg 1096w, https:\/\/arhiv.mk\/wp-content\/uploads\/2022\/09\/Deklaracija-za-odrzan-referendum-17sept1991-1strana-Copy-1462x2048.jpg 1462w, https:\/\/arhiv.mk\/wp-content\/uploads\/2022\/09\/Deklaracija-za-odrzan-referendum-17sept1991-1strana-Copy-9x12.jpg 9w, https:\/\/arhiv.mk\/wp-content\/uploads\/2022\/09\/Deklaracija-za-odrzan-referendum-17sept1991-1strana-Copy.jpg 1668w\" sizes=\"(max-width: 731px) 100vw, 731px\" \/><\/figure>\n\n\n\n<figure class=\"wp-block-image size-large\"><img loading=\"lazy\" decoding=\"async\" width=\"744\" height=\"1024\" src=\"https:\/\/arhiv.mk\/wp-content\/uploads\/2022\/09\/Deklaracija-za-odrzan-referendum-17sept1991-2strana-744x1024.jpg\" alt=\"\" class=\"wp-image-8237\" srcset=\"https:\/\/arhiv.mk\/wp-content\/uploads\/2022\/09\/Deklaracija-za-odrzan-referendum-17sept1991-2strana-744x1024.jpg 744w, https:\/\/arhiv.mk\/wp-content\/uploads\/2022\/09\/Deklaracija-za-odrzan-referendum-17sept1991-2strana-218x300.jpg 218w, https:\/\/arhiv.mk\/wp-content\/uploads\/2022\/09\/Deklaracija-za-odrzan-referendum-17sept1991-2strana-768x1058.jpg 768w, https:\/\/arhiv.mk\/wp-content\/uploads\/2022\/09\/Deklaracija-za-odrzan-referendum-17sept1991-2strana-1115x1536.jpg 1115w, https:\/\/arhiv.mk\/wp-content\/uploads\/2022\/09\/Deklaracija-za-odrzan-referendum-17sept1991-2strana-1487x2048.jpg 1487w, https:\/\/arhiv.mk\/wp-content\/uploads\/2022\/09\/Deklaracija-za-odrzan-referendum-17sept1991-2strana-9x12.jpg 9w, https:\/\/arhiv.mk\/wp-content\/uploads\/2022\/09\/Deklaracija-za-odrzan-referendum-17sept1991-2strana.jpg 1697w\" sizes=\"(max-width: 744px) 100vw, 744px\" \/><\/figure>\n\n\n\n<figure class=\"wp-block-image size-large\"><img loading=\"lazy\" decoding=\"async\" width=\"744\" height=\"1024\" src=\"https:\/\/arhiv.mk\/wp-content\/uploads\/2022\/09\/Deklaracija-za-odrzan-referendum-17sept1991-3strana-744x1024.jpg\" alt=\"\" class=\"wp-image-8238\" srcset=\"https:\/\/arhiv.mk\/wp-content\/uploads\/2022\/09\/Deklaracija-za-odrzan-referendum-17sept1991-3strana-744x1024.jpg 744w, https:\/\/arhiv.mk\/wp-content\/uploads\/2022\/09\/Deklaracija-za-odrzan-referendum-17sept1991-3strana-218x300.jpg 218w, https:\/\/arhiv.mk\/wp-content\/uploads\/2022\/09\/Deklaracija-za-odrzan-referendum-17sept1991-3strana-768x1058.jpg 768w, https:\/\/arhiv.mk\/wp-content\/uploads\/2022\/09\/Deklaracija-za-odrzan-referendum-17sept1991-3strana-1115x1536.jpg 1115w, https:\/\/arhiv.mk\/wp-content\/uploads\/2022\/09\/Deklaracija-za-odrzan-referendum-17sept1991-3strana-1487x2048.jpg 1487w, https:\/\/arhiv.mk\/wp-content\/uploads\/2022\/09\/Deklaracija-za-odrzan-referendum-17sept1991-3strana-9x12.jpg 9w, https:\/\/arhiv.mk\/wp-content\/uploads\/2022\/09\/Deklaracija-za-odrzan-referendum-17sept1991-3strana.jpg 1697w\" sizes=\"(max-width: 744px) 100vw, 744px\" \/><\/figure>\n\n\n\n<p><strong>G\u00ebzuar 8 Shtatorin, Dit\u00ebn e Pavar\u00ebsis\u00eb!<\/strong><\/p>","protected":false},"excerpt":{"rendered":"<p>\u041d\u0430 8 \u0441\u0435\u043f\u0442\u0435\u043c\u0432\u0440\u0438 \u0420\u0435\u043f\u0443\u0431\u043b\u0438\u043a\u0430 \u0421\u0435\u0432\u0435\u0440\u043d\u0430 \u041c\u0430\u043a\u0435\u0434\u043e\u043d\u0438\u0458\u0430 \u043f\u0440\u043e\u0441\u043b\u0430\u0432\u0443\u0432\u0430 31 \u0433\u043e\u0434\u0438\u043d\u0430 \u043e\u0434 \u0441\u0442\u0435\u043a\u043d\u0443\u0432\u0430\u045a\u0435\u0442\u043e \u043d\u0430 \u0441\u0432\u043e\u0458\u0430\u0442\u0430 \u043d\u0435\u0437\u0430\u0432\u0438\u0441\u043d\u043e\u0441\u0442. \u041d\u0430 \u043e\u0432\u043e\u0458 \u0434\u0430\u0442\u0443\u043c \u0432\u043e 1991 \u0433\u043e\u0434\u0438\u043d\u0430 \u0433\u0440\u0430\u0453\u0430\u043d\u0438\u0442\u0435 \u0441\u0435 \u0438\u0437\u0458\u0430\u0441\u043d\u0438\u0458\u0430 \u0437\u0430 \u0441\u0430\u043c\u043e\u0441\u0442\u043e\u0458\u043d\u0430 \u043d\u0435\u0437\u0430\u0432\u0438\u0441\u043d\u0430 \u0434\u0440\u0436\u0430\u0432\u0430 \u043a\u043e\u0458\u0430\u0448\u0442\u043e \u0433\u043e \u043f\u043e\u0447\u043d\u0430 \u0441\u0432\u043e\u0458\u043e\u0442 \u043f\u0430\u0442 \u043a\u043e\u043d \u0435\u0442\u0430\u0431\u043b\u0438\u0440\u0430\u045a\u0435 \u043a\u0430\u043a\u043e \u0441\u0443\u0431\u0458\u0435\u043a\u0442 \u0432\u043e \u043c\u0435\u0453\u0443\u043d\u0430\u0440\u043e\u0434\u043d\u0430\u0442\u0430 \u0437\u0430\u0435\u0434\u043d\u0438\u0446\u0430. \u041d\u0430 \u043a\u0440\u0430\u0458\u043e\u0442 \u043d\u0430 \u043e\u0441\u0443\u043c\u0434\u0435\u0441\u0435\u0442\u0442\u0438\u0442\u0435 \u0433\u043e\u0434\u0438\u043d\u0438 \u043d\u0430 XX \u0432\u0435\u043a \u0442\u0435\u0448\u043a\u043e\u0442\u0438\u0438\u0442\u0435 \u0432\u043e \u043f\u043e\u043b\u0438\u0442\u0438\u0447\u043a\u0438\u043e\u0442 \u0438 \u0435\u043a\u043e\u043d\u043e\u043c\u0441\u043a\u0438\u043e\u0442 \u0436\u0438\u0432\u043e\u0442 \u0432\u043e \u041c\u0430\u043a\u0435\u0434\u043e\u043d\u0438\u0458\u0430 [&hellip;]<\/p>","protected":false},"author":4,"featured_media":16,"comment_status":"open","ping_status":"closed","sticky":false,"template":"","format":"standard","meta":{"site-sidebar-layout":"default","site-content-layout":"default","ast-site-content-layout":"","site-content-style":"default","site-sidebar-style":"default","ast-global-header-display":"","ast-banner-title-visibility":"","ast-main-header-display":"","ast-hfb-above-header-display":"","ast-hfb-below-header-display":"","ast-hfb-mobile-header-display":"","site-post-title":"","ast-breadcrumbs-content":"","ast-featured-img":"","footer-sml-layout":"","theme-transparent-header-meta":"default","adv-header-id-meta":"","stick-header-meta":"","header-above-stick-meta":"","header-main-stick-meta":"","header-below-stick-meta":"","astra-migrate-meta-layouts":"default","ast-page-background-enabled":"default","ast-page-background-meta":{"desktop":{"background-color":"","background-image":"","background-repeat":"repeat","background-position":"center center","background-size":"auto","background-attachment":"scroll","background-type":"","background-media":"","overlay-type":"","overlay-color":"","overlay-opacity":"","overlay-gradient":""},"tablet":{"background-color":"","background-image":"","background-repeat":"repeat","background-position":"center center","background-size":"auto","background-attachment":"scroll","background-type":"","background-media":"","overlay-type":"","overlay-color":"","overlay-opacity":"","overlay-gradient":""},"mobile":{"background-color":"","background-image":"","background-repeat":"repeat","background-position":"center center","background-size":"auto","background-attachment":"scroll","background-type":"","background-media":"","overlay-type":"","overlay-color":"","overlay-opacity":"","overlay-gradient":""}},"ast-content-background-meta":{"desktop":{"background-color":"var(--ast-global-color-5)","background-image":"","background-repeat":"repeat","background-position":"center center","background-size":"auto","background-attachment":"scroll","background-type":"","background-media":"","overlay-type":"","overlay-color":"","overlay-opacity":"","overlay-gradient":""},"tablet":{"background-color":"var(--ast-global-color-5)","background-image":"","background-repeat":"repeat","background-position":"center center","background-size":"auto","background-attachment":"scroll","background-type":"","background-media":"","overlay-type":"","overlay-color":"","overlay-opacity":"","overlay-gradient":""},"mobile":{"background-color":"var(--ast-global-color-5)","background-image":"","background-repeat":"repeat","background-position":"center center","background-size":"auto","background-attachment":"scroll","background-type":"","background-media":"","overlay-type":"","overlay-color":"","overlay-opacity":"","overlay-gradient":""}},"footnotes":""},"categories":[1,3],"tags":[],"class_list":["post-8227","post","type-post","status-publish","format-standard","has-post-thumbnail","hentry","category-uncategorized","category-3"],"_links":{"self":[{"href":"https:\/\/arhiv.mk\/sq\/wp-json\/wp\/v2\/posts\/8227","targetHints":{"allow":["GET"]}}],"collection":[{"href":"https:\/\/arhiv.mk\/sq\/wp-json\/wp\/v2\/posts"}],"about":[{"href":"https:\/\/arhiv.mk\/sq\/wp-json\/wp\/v2\/types\/post"}],"author":[{"embeddable":true,"href":"https:\/\/arhiv.mk\/sq\/wp-json\/wp\/v2\/users\/4"}],"replies":[{"embeddable":true,"href":"https:\/\/arhiv.mk\/sq\/wp-json\/wp\/v2\/comments?post=8227"}],"version-history":[{"count":5,"href":"https:\/\/arhiv.mk\/sq\/wp-json\/wp\/v2\/posts\/8227\/revisions"}],"predecessor-version":[{"id":8247,"href":"https:\/\/arhiv.mk\/sq\/wp-json\/wp\/v2\/posts\/8227\/revisions\/8247"}],"wp:featuredmedia":[{"embeddable":true,"href":"https:\/\/arhiv.mk\/sq\/wp-json\/wp\/v2\/media\/16"}],"wp:attachment":[{"href":"https:\/\/arhiv.mk\/sq\/wp-json\/wp\/v2\/media?parent=8227"}],"wp:term":[{"taxonomy":"category","embeddable":true,"href":"https:\/\/arhiv.mk\/sq\/wp-json\/wp\/v2\/categories?post=8227"},{"taxonomy":"post_tag","embeddable":true,"href":"https:\/\/arhiv.mk\/sq\/wp-json\/wp\/v2\/tags?post=8227"}],"curies":[{"name":"wp","href":"https:\/\/api.w.org\/{rel}","templated":true}]}}