{"id":9264,"date":"2023-03-31T12:50:36","date_gmt":"2023-03-31T10:50:36","guid":{"rendered":"https:\/\/arhiv.mk\/?p=9264"},"modified":"2023-03-31T12:50:36","modified_gmt":"2023-03-31T10:50:36","slug":"%d0%bf%d0%be%d1%82%d0%bf%d0%b8%d1%88%d0%b0%d0%bd-%d0%b4%d0%be%d0%b3%d0%be%d0%b2%d0%be%d1%80-%d0%b7%d0%b0-%d1%81%d0%be%d1%80%d0%b0%d0%b1%d0%be%d1%82%d0%ba%d0%b0-%d1%81%d0%be-%d0%b0%d1%80%d1%85%d0%b8","status":"publish","type":"post","link":"https:\/\/arhiv.mk\/sq\/2023\/03\/31\/%d0%bf%d0%be%d1%82%d0%bf%d0%b8%d1%88%d0%b0%d0%bd-%d0%b4%d0%be%d0%b3%d0%be%d0%b2%d0%be%d1%80-%d0%b7%d0%b0-%d1%81%d0%be%d1%80%d0%b0%d0%b1%d0%be%d1%82%d0%ba%d0%b0-%d1%81%d0%be-%d0%b0%d1%80%d1%85%d0%b8\/","title":{"rendered":"U N\u00cbNSHKRUA MAR\u00cbVESHJA P\u00cbR BASHK\u00cbPUNIM ME ARKIVIN E BOSNJ\u00cbS DHE HERCEGOVIN\u00cbS"},"content":{"rendered":"<p>Drejtori i Arkivit Shtet\u00ebror dr. Emil Krsteski dhe drejtoresha e Arkivit t\u00eb Bosnj\u00ebs dhe Hercegovin\u00ebs dr. Daniela Mrda, n\u00eb Oh\u00ebr u n\u00ebnshkrua Marr\u00ebveshja p\u00ebr bashk\u00ebpunim, m\u00eb t\u00eb cil\u00ebn aktivetet e p\u00ebrbashk\u00ebta n\u00eb t\u00eb ardhmen jo vetem q\u00eb marin korniz\u00eb ligjore, por pritet t\u00eb intensifikohen dhe p\u00ebr t\u00eb fituar nj\u00eb cil\u00ebsi t\u00eb re.<\/p>\n\n\n\n<figure class=\"wp-block-image size-large\"><img fetchpriority=\"high\" decoding=\"async\" width=\"1024\" height=\"768\" src=\"https:\/\/arhiv.mk\/wp-content\/uploads\/2023\/03\/IMG-5031a60ec10e568f0af9059dbd069f7e-V-1024x768.jpg\" alt=\"\" class=\"wp-image-9265\" srcset=\"https:\/\/arhiv.mk\/wp-content\/uploads\/2023\/03\/IMG-5031a60ec10e568f0af9059dbd069f7e-V-1024x768.jpg 1024w, https:\/\/arhiv.mk\/wp-content\/uploads\/2023\/03\/IMG-5031a60ec10e568f0af9059dbd069f7e-V-300x225.jpg 300w, https:\/\/arhiv.mk\/wp-content\/uploads\/2023\/03\/IMG-5031a60ec10e568f0af9059dbd069f7e-V-768x576.jpg 768w, https:\/\/arhiv.mk\/wp-content\/uploads\/2023\/03\/IMG-5031a60ec10e568f0af9059dbd069f7e-V-1536x1152.jpg 1536w, https:\/\/arhiv.mk\/wp-content\/uploads\/2023\/03\/IMG-5031a60ec10e568f0af9059dbd069f7e-V-16x12.jpg 16w, https:\/\/arhiv.mk\/wp-content\/uploads\/2023\/03\/IMG-5031a60ec10e568f0af9059dbd069f7e-V.jpg 1600w\" sizes=\"(max-width: 1024px) 100vw, 1024px\" \/><\/figure>","protected":false},"excerpt":{"rendered":"<p>Drejtori i Arkivit Shtet\u00ebror dr. Emil Krsteski dhe drejtoresha e Arkivit t\u00eb Bosnj\u00ebs dhe Hercegovin\u00ebs dr. Daniela Mrda, n\u00eb Oh\u00ebr u n\u00ebnshkrua Marr\u00ebveshja p\u00ebr bashk\u00ebpunim, m\u00eb t\u00eb cil\u00ebn aktivetet e p\u00ebrbashk\u00ebta n\u00eb t\u00eb ardhmen jo vetem q\u00eb marin korniz\u00eb ligjore, por pritet t\u00eb intensifikohen dhe p\u00ebr t\u00eb fituar nj\u00eb cil\u00ebsi t\u00eb re.<\/p>","protected":false},"author":3,"featured_media":9266,"comment_status":"open","ping_status":"closed","sticky":false,"template":"","format":"standard","meta":{"site-sidebar-layout":"default","site-content-layout":"default","ast-site-content-layout":"","site-content-style":"default","site-sidebar-style":"default","ast-global-header-display":"","ast-banner-title-visibility":"","ast-main-header-display":"","ast-hfb-above-header-display":"","ast-hfb-below-header-display":"","ast-hfb-mobile-header-display":"","site-post-title":"","ast-breadcrumbs-content":"","ast-featured-img":"","footer-sml-layout":"","theme-transparent-header-meta":"default","adv-header-id-meta":"","stick-header-meta":"","header-above-stick-meta":"","header-main-stick-meta":"","header-below-stick-meta":"","astra-migrate-meta-layouts":"default","ast-page-background-enabled":"default","ast-page-background-meta":{"desktop":{"background-color":"","background-image":"","background-repeat":"repeat","background-position":"center center","background-size":"auto","background-attachment":"scroll","background-type":"","background-media":"","overlay-type":"","overlay-color":"","overlay-opacity":"","overlay-gradient":""},"tablet":{"background-color":"","background-image":"","background-repeat":"repeat","background-position":"center center","background-size":"auto","background-attachment":"scroll","background-type":"","background-media":"","overlay-type":"","overlay-color":"","overlay-opacity":"","overlay-gradient":""},"mobile":{"background-color":"","background-image":"","background-repeat":"repeat","background-position":"center center","background-size":"auto","background-attachment":"scroll","background-type":"","background-media":"","overlay-type":"","overlay-color":"","overlay-opacity":"","overlay-gradient":""}},"ast-content-background-meta":{"desktop":{"background-color":"var(--ast-global-color-5)","background-image":"","background-repeat":"repeat","background-position":"center center","background-size":"auto","background-attachment":"scroll","background-type":"","background-media":"","overlay-type":"","overlay-color":"","overlay-opacity":"","overlay-gradient":""},"tablet":{"background-color":"var(--ast-global-color-5)","background-image":"","background-repeat":"repeat","background-position":"center center","background-size":"auto","background-attachment":"scroll","background-type":"","background-media":"","overlay-type":"","overlay-color":"","overlay-opacity":"","overlay-gradient":""},"mobile":{"background-color":"var(--ast-global-color-5)","background-image":"","background-repeat":"repeat","background-position":"center center","background-size":"auto","background-attachment":"scroll","background-type":"","background-media":"","overlay-type":"","overlay-color":"","overlay-opacity":"","overlay-gradient":""}},"footnotes":""},"categories":[3],"tags":[],"class_list":["post-9264","post","type-post","status-publish","format-standard","has-post-thumbnail","hentry","category-3"],"_links":{"self":[{"href":"https:\/\/arhiv.mk\/sq\/wp-json\/wp\/v2\/posts\/9264","targetHints":{"allow":["GET"]}}],"collection":[{"href":"https:\/\/arhiv.mk\/sq\/wp-json\/wp\/v2\/posts"}],"about":[{"href":"https:\/\/arhiv.mk\/sq\/wp-json\/wp\/v2\/types\/post"}],"author":[{"embeddable":true,"href":"https:\/\/arhiv.mk\/sq\/wp-json\/wp\/v2\/users\/3"}],"replies":[{"embeddable":true,"href":"https:\/\/arhiv.mk\/sq\/wp-json\/wp\/v2\/comments?post=9264"}],"version-history":[{"count":1,"href":"https:\/\/arhiv.mk\/sq\/wp-json\/wp\/v2\/posts\/9264\/revisions"}],"predecessor-version":[{"id":9267,"href":"https:\/\/arhiv.mk\/sq\/wp-json\/wp\/v2\/posts\/9264\/revisions\/9267"}],"wp:featuredmedia":[{"embeddable":true,"href":"https:\/\/arhiv.mk\/sq\/wp-json\/wp\/v2\/media\/9266"}],"wp:attachment":[{"href":"https:\/\/arhiv.mk\/sq\/wp-json\/wp\/v2\/media?parent=9264"}],"wp:term":[{"taxonomy":"category","embeddable":true,"href":"https:\/\/arhiv.mk\/sq\/wp-json\/wp\/v2\/categories?post=9264"},{"taxonomy":"post_tag","embeddable":true,"href":"https:\/\/arhiv.mk\/sq\/wp-json\/wp\/v2\/tags?post=9264"}],"curies":[{"name":"wp","href":"https:\/\/api.w.org\/{rel}","templated":true}]}}