{"id":9302,"date":"2023-04-06T14:53:16","date_gmt":"2023-04-06T12:53:16","guid":{"rendered":"https:\/\/arhiv.mk\/?p=9302"},"modified":"2023-04-07T10:02:24","modified_gmt":"2023-04-07T08:02:24","slug":"%d0%be%d1%82%d0%b2%d0%be%d1%80%d0%b5%d0%bd%d0%b0-%d0%b5-%d0%b8%d0%b7%d0%bb%d0%be%d0%b6%d0%b1%d0%b0%d1%82%d0%b0-30-%d0%b3%d0%be%d0%b4%d0%b8%d0%bd%d0%b8-%d1%87%d0%bb%d0%b5%d0%bd%d1%81%d1%82","status":"publish","type":"post","link":"https:\/\/arhiv.mk\/sq\/2023\/04\/06\/%d0%be%d1%82%d0%b2%d0%be%d1%80%d0%b5%d0%bd%d0%b0-%d0%b5-%d0%b8%d0%b7%d0%bb%d0%be%d0%b6%d0%b1%d0%b0%d1%82%d0%b0-30-%d0%b3%d0%be%d0%b4%d0%b8%d0%bd%d0%b8-%d1%87%d0%bb%d0%b5%d0%bd%d1%81%d1%82\/","title":{"rendered":"HAPET EKSPOZITA \"30 VJET AN\u00cbTAR\u00cbSIM N\u00cb KB\" \u2013 INICIATIV\u00cb E ARKIVIT SHTET\u00cbROR"},"content":{"rendered":"<p>          Arkivi Shtet\u00ebror afirmon kujtes\u00ebn institucionale dhe dhe nisi bashk\u00ebpunimin nd\u00ebrinstitucional n\u00eb p\u00ebrkujtimin e p\u00ebrvjetor\u00ebve t\u00eb ngjarjeve t\u00eb bazuara n\u00eb shtet\u00ebsin\u00eb ton\u00eb. K\u00ebt\u00eb vit sh\u00ebnohet 30 vjetori i an\u00ebtar\u00ebsimit t\u00eb vendit ton\u00eb n\u00eb Kombet e Bashkuara, ku Arkivi Shtet\u00ebror realizon projektin ekspozita \u201c30 vjet an\u00ebtar\u00ebsim n\u00eb OKB\u201d n\u00eb bashk\u00ebpunim me Ministrin\u00eb e Pun\u00ebve t\u00eb Jashtme dhe Koordinatorin nacional t\u00eb OKB-s\u00eb n\u00eb Shkup. Profesionist\u00eb me p\u00ebrvoj\u00eb, historian\u00eb-arkivist\u00eb t\u00eb koordinuar nga drejtori i Arkivit Shtet\u00ebror, dr. Emil Krsteski, b\u00ebn\u00eb hulumtime intensive duke p\u00ebrdorur materiale arkivore nga disa institucione q\u00eb p\u00ebr her\u00eb t\u00eb par\u00eb prezantohen para publikut p\u00ebrmes k\u00ebsaj ekspozite.<br>N\u00eb m\u00ebnyr\u00eb promovuese sot n\u00eb Ministrin\u00eb e Pun\u00ebve t\u00eb Jashtme u hap ekspozita \u201c30 vjet an\u00ebtar\u00ebsim n\u00eb OKB\u201d nga zv.ministrja e Pun\u00ebve t\u00eb Jashtme, mr. Fatmire Isaki, kordinatorja e p\u00ebrhershme e OKB-s\u00eb, Rosana Duxhak dhe drejtori  Arkivi Shtet\u00ebror, dr. Emil Krsteski.<\/p>\n\n\n\n<figure class=\"wp-block-image aligncenter size-large is-resized\"><img fetchpriority=\"high\" decoding=\"async\" src=\"https:\/\/arhiv.mk\/wp-content\/uploads\/2023\/04\/IMG-9297fa9fb253b1816e3b076394453c7f-V-1024x531.jpg\" alt=\"\" class=\"wp-image-9314\" width=\"528\" height=\"274\" srcset=\"https:\/\/arhiv.mk\/wp-content\/uploads\/2023\/04\/IMG-9297fa9fb253b1816e3b076394453c7f-V-1024x531.jpg 1024w, https:\/\/arhiv.mk\/wp-content\/uploads\/2023\/04\/IMG-9297fa9fb253b1816e3b076394453c7f-V-300x156.jpg 300w, https:\/\/arhiv.mk\/wp-content\/uploads\/2023\/04\/IMG-9297fa9fb253b1816e3b076394453c7f-V-768x399.jpg 768w, https:\/\/arhiv.mk\/wp-content\/uploads\/2023\/04\/IMG-9297fa9fb253b1816e3b076394453c7f-V-16x8.jpg 16w, https:\/\/arhiv.mk\/wp-content\/uploads\/2023\/04\/IMG-9297fa9fb253b1816e3b076394453c7f-V.jpg 1322w\" sizes=\"(max-width: 528px) 100vw, 528px\" \/><\/figure>\n\n\n\n<p>Gjat\u00eb fjalimit t\u00eb tij para t\u00eb pranishm\u00ebve, drejtori dr. Emil Krsteski theksoi se pranimi n\u00eb OKB m\u00eb 8 prill 1993 \u00ebsht\u00eb nj\u00eb akt dometh\u00ebn\u00ebs n\u00eb integrimin nd\u00ebrkomb\u00ebtar t\u00eb vendit ton\u00eb n\u00eb koh\u00eb konfliktesh dhe jostabiliteti n\u00eb rajone. dr. Emil Krsteski theksoi se pik\u00ebrisht p\u00ebr k\u00ebt\u00eb, Arkivi Shtet\u00ebror dhe Ministria e Pun\u00ebve t\u00eb Jashtme s\u00eb bashku vendos\u00ebn t\u00eb iniciojn\u00eb nj\u00eb ekspozit\u00eb q\u00eb p\u00ebrmes materialeve arkivore dhe fotografive do t'u kujtoj\u00eb brezave koh\u00eb t\u00eb mbushura me sfida. N\u00eb periudh\u00ebn e veprimit aktiv t\u00eb diplomacis\u00eb maqedonase n\u00eb at\u00eb periudh\u00eb p\u00ebr an\u00ebtar\u00ebsimin e vendit n\u00eb OKB, dr. Emil Krsteski si gazetar me v\u00ebmendje i ka p\u00ebrcjell\u00eb ato procese n\u00eb selin\u00eb e organizat\u00ebs bot\u00ebrore. Me d\u00ebrgimin e raporteve t\u00eb rregullta n\u00eb Radio televizionin maqedonas dhe media t\u00eb tjera t\u00eb shkruara, ku opinioni u informua p\u00ebr t\u00eb gjitha zhvillimet lidhur me pranimin e vendit n\u00eb OKB.<\/p>\n\n\n\n<figure class=\"wp-block-image aligncenter size-large is-resized\"><img decoding=\"async\" src=\"https:\/\/arhiv.mk\/wp-content\/uploads\/2023\/04\/IMG-bc56c04c828cf491c1ca2a12e818223b-V-1024x791.jpg\" alt=\"\" class=\"wp-image-9315\" width=\"482\" height=\"372\" srcset=\"https:\/\/arhiv.mk\/wp-content\/uploads\/2023\/04\/IMG-bc56c04c828cf491c1ca2a12e818223b-V-1024x791.jpg 1024w, https:\/\/arhiv.mk\/wp-content\/uploads\/2023\/04\/IMG-bc56c04c828cf491c1ca2a12e818223b-V-300x232.jpg 300w, https:\/\/arhiv.mk\/wp-content\/uploads\/2023\/04\/IMG-bc56c04c828cf491c1ca2a12e818223b-V-768x594.jpg 768w, https:\/\/arhiv.mk\/wp-content\/uploads\/2023\/04\/IMG-bc56c04c828cf491c1ca2a12e818223b-V-16x12.jpg 16w, https:\/\/arhiv.mk\/wp-content\/uploads\/2023\/04\/IMG-bc56c04c828cf491c1ca2a12e818223b-V.jpg 1070w\" sizes=\"(max-width: 482px) 100vw, 482px\" \/><\/figure>\n\n\n\n<p>Dr. Emil Krsteski e shfryt\u00ebzoi rastin t\u00eb fal\u00ebnderoj profesionist\u00ebt e kabinetit t\u00eb presidentit, dr. Stevo Pendarovski, Kuvendin, arkivin diplomatik n\u00eb kuad\u00ebr t\u00eb Ministris\u00eb s\u00eb Pun\u00ebve t\u00eb Jashtme, zyr\u00ebn e p\u00ebrfaq\u00ebsuesit t\u00eb p\u00ebrhersh\u00ebm t\u00eb OKB-s\u00eb dhe punonj\u00ebsit e Arkivi Shtet\u00ebror p\u00ebr bashk\u00ebpunimin e nd\u00ebrsjell\u00eb dhe p\u00ebr p\u00ebrpjekjet e m\u00ebdha p\u00ebr realizimin e ekspozit\u00ebs, e cila ka nj\u00eb r\u00ebnd\u00ebsi t\u00eb jasht\u00ebzakonshme p\u00ebr t\u00eb p\u00ebrkujtuar t\u00eb shkuar\u00ebn e af\u00ebrt t\u00eb vendit ton\u00eb.<\/p>\n\n\n\n<p>Ekspozita vazhdon t\u00eb jet\u00eb e hapur edhe p\u00ebr dy jav\u00ebt e ardhshme n\u00eb Muzeun e Luft\u00ebs s\u00eb Maqedonis\u00eb p\u00ebr Pavar\u00ebsi.<\/p>\n\n\n\n<p>Informimet nga mediat p\u00ebr ngjarjen mund t\u00eb gjenden n\u00eb linkun e m\u00ebposht\u00ebm:<\/p>\n\n\n\n<p><a href=\"https:\/\/time.mk\/c\/22235f4cfe\/odbelezani-30-godini-clenstvo-vo-obedinetite-nacii-1993-2023.html?fbclid=IwAR21_XTSM_Elbza1vt4UvRuJYS62f4qtq8SrGIK3O0WRTiqFJ-0N7O8rBnc\" target=\"_blank\" rel=\"noopener\">https:\/\/time.mk\/c\/22235f4cfe\/odbelezani-30-godini-clenstvo-vo-obedinetite-nacii-1993-2023.html?fbclid=IwAR21_XTSM_Elbza1vt4UvRuJYS62f4qtq8SrGIK3O0WRTiqFJ-0N7O8rBnc<\/a><\/p>\n\n\n\n<p><\/p>\n\n\n\n<figure class=\"wp-block-image aligncenter size-full\"><img decoding=\"async\" width=\"448\" height=\"324\" src=\"https:\/\/arhiv.mk\/wp-content\/uploads\/2023\/04\/0.jpg\" alt=\"\" class=\"wp-image-9309\" srcset=\"https:\/\/arhiv.mk\/wp-content\/uploads\/2023\/04\/0.jpg 448w, https:\/\/arhiv.mk\/wp-content\/uploads\/2023\/04\/0-300x217.jpg 300w, https:\/\/arhiv.mk\/wp-content\/uploads\/2023\/04\/0-16x12.jpg 16w\" sizes=\"(max-width: 448px) 100vw, 448px\" \/><\/figure>\n\n\n\n<figure class=\"wp-block-image aligncenter size-full\"><img loading=\"lazy\" decoding=\"async\" width=\"448\" height=\"259\" src=\"https:\/\/arhiv.mk\/wp-content\/uploads\/2023\/04\/3.jpg\" alt=\"\" class=\"wp-image-9308\" srcset=\"https:\/\/arhiv.mk\/wp-content\/uploads\/2023\/04\/3.jpg 448w, https:\/\/arhiv.mk\/wp-content\/uploads\/2023\/04\/3-300x173.jpg 300w, https:\/\/arhiv.mk\/wp-content\/uploads\/2023\/04\/3-16x9.jpg 16w\" sizes=\"(max-width: 448px) 100vw, 448px\" \/><\/figure>\n\n\n\n<figure class=\"wp-block-image aligncenter size-full\"><img loading=\"lazy\" decoding=\"async\" width=\"448\" height=\"252\" src=\"https:\/\/arhiv.mk\/wp-content\/uploads\/2023\/04\/5.jpg\" alt=\"\" class=\"wp-image-9306\" srcset=\"https:\/\/arhiv.mk\/wp-content\/uploads\/2023\/04\/5.jpg 448w, https:\/\/arhiv.mk\/wp-content\/uploads\/2023\/04\/5-300x169.jpg 300w, https:\/\/arhiv.mk\/wp-content\/uploads\/2023\/04\/5-16x9.jpg 16w\" sizes=\"(max-width: 448px) 100vw, 448px\" \/><\/figure>\n\n\n\n<figure class=\"wp-block-image aligncenter size-full is-resized\"><img loading=\"lazy\" decoding=\"async\" src=\"https:\/\/arhiv.mk\/wp-content\/uploads\/2023\/04\/6.jpg\" alt=\"\" class=\"wp-image-9307\" width=\"259\" height=\"460\" srcset=\"https:\/\/arhiv.mk\/wp-content\/uploads\/2023\/04\/6.jpg 252w, https:\/\/arhiv.mk\/wp-content\/uploads\/2023\/04\/6-169x300.jpg 169w, https:\/\/arhiv.mk\/wp-content\/uploads\/2023\/04\/6-7x12.jpg 7w\" sizes=\"(max-width: 259px) 100vw, 259px\" \/><\/figure>","protected":false},"excerpt":{"rendered":"<p>\u0414\u0440\u0436\u0430\u0432\u043d\u0438\u043e\u0442 \u0430\u0440\u0445\u0438\u0432 \u0458\u0430 \u0430\u0444\u0438\u0440\u043c\u0438\u0440\u0430 \u0438\u043d\u0441\u0442\u0438\u0442\u0443\u0446\u0438\u043e\u043d\u0430\u043b\u043d\u0430\u0442\u0430 \u043c\u0435\u043c\u043e\u0440\u0438\u0458\u0430 \u0438 \u0458\u0430 \u0438\u043d\u0438\u0446\u0438\u0440\u0430 \u043c\u0435\u0453\u0443\u0438\u043d\u0441\u0442\u0438\u0442\u0443\u0446\u0438\u043e\u043d\u0430\u043b\u043d\u0430\u0442\u0430 \u0441\u043e\u0440\u0430\u0431\u043e\u0442\u043a\u0430 \u0432\u043e \u043e\u0434\u0431\u0435\u043b\u0435\u0436\u0443\u0432\u0430\u045a\u0435\u0442\u043e \u043d\u0430 \u0458\u0443\u0431\u0438\u043b\u0435\u0438 \u043e\u0434 \u043d\u0430\u0441\u0442\u0430\u043d\u0438 \u0432\u0442\u0435\u043c\u0435\u043b\u0435\u043d\u0438 \u0432\u043e \u043d\u0430\u0448\u0430\u0442\u0430 \u0434\u0440\u0436\u0430\u0432\u043d\u043e\u0441\u0442. \u041e\u0432\u0430\u0430 \u0433\u043e\u0434\u0438\u043d\u0430 \u0441\u0435 \u043d\u0430\u0432\u0440\u0448\u0443\u0432\u0430\u0430\u0442 30 \u0433\u043e\u0434\u0438\u043d\u0438 \u043e\u0434 \u0447\u043b\u0435\u043d\u0441\u0442\u0432\u043e\u0442\u043e \u043d\u0430 \u043d\u0430\u0448\u0430\u0442\u0430 \u0434\u0440\u0436\u0430\u0432\u0430 \u0432\u043e \u041e\u0431\u0435\u0434\u0438\u043d\u0435\u0442\u0438\u0442\u0435 \u043d\u0430\u0446\u0438\u0438, \u043f\u0440\u0438 \u0448\u0442\u043e \u0414\u0440\u0436\u0430\u0432\u043d\u0438\u043e\u0442 \u0430\u0440\u0445\u0438\u0432 \u0433\u043e \u0440\u0435\u0430\u043b\u0438\u0437\u0438\u0440\u0430 \u043f\u0440\u043e\u0435\u043a\u0442\u043e\u0442 \u0438\u0437\u043b\u043e\u0436\u0431\u0430 \u201e30 \u0433\u043e\u0434\u0438\u043d\u0438 \u0447\u043b\u0435\u043d\u0441\u0442\u0432\u043e \u0432\u043e \u041e\u041d\u201c \u0432\u043e \u043f\u0430\u0440\u0442\u043d\u0435\u0440\u0441\u0442\u0432\u043e \u0441\u043e \u041c\u0438\u043d\u0438\u0441\u0442\u0435\u0440\u0441\u0442\u0432\u043e\u0442\u043e \u0437\u0430 \u043d\u0430\u0434\u0432\u043e\u0440\u0435\u0448\u043d\u0438 \u0440\u0430\u0431\u043e\u0442\u0438 [&hellip;]<\/p>","protected":false},"author":3,"featured_media":9307,"comment_status":"open","ping_status":"closed","sticky":false,"template":"","format":"standard","meta":{"site-sidebar-layout":"default","site-content-layout":"default","ast-site-content-layout":"","site-content-style":"default","site-sidebar-style":"default","ast-global-header-display":"","ast-banner-title-visibility":"","ast-main-header-display":"","ast-hfb-above-header-display":"","ast-hfb-below-header-display":"","ast-hfb-mobile-header-display":"","site-post-title":"","ast-breadcrumbs-content":"","ast-featured-img":"","footer-sml-layout":"","theme-transparent-header-meta":"default","adv-header-id-meta":"","stick-header-meta":"","header-above-stick-meta":"","header-main-stick-meta":"","header-below-stick-meta":"","astra-migrate-meta-layouts":"default","ast-page-background-enabled":"default","ast-page-background-meta":{"desktop":{"background-color":"","background-image":"","background-repeat":"repeat","background-position":"center center","background-size":"auto","background-attachment":"scroll","background-type":"","background-media":"","overlay-type":"","overlay-color":"","overlay-opacity":"","overlay-gradient":""},"tablet":{"background-color":"","background-image":"","background-repeat":"repeat","background-position":"center center","background-size":"auto","background-attachment":"scroll","background-type":"","background-media":"","overlay-type":"","overlay-color":"","overlay-opacity":"","overlay-gradient":""},"mobile":{"background-color":"","background-image":"","background-repeat":"repeat","background-position":"center center","background-size":"auto","background-attachment":"scroll","background-type":"","background-media":"","overlay-type":"","overlay-color":"","overlay-opacity":"","overlay-gradient":""}},"ast-content-background-meta":{"desktop":{"background-color":"var(--ast-global-color-5)","background-image":"","background-repeat":"repeat","background-position":"center center","background-size":"auto","background-attachment":"scroll","background-type":"","background-media":"","overlay-type":"","overlay-color":"","overlay-opacity":"","overlay-gradient":""},"tablet":{"background-color":"var(--ast-global-color-5)","background-image":"","background-repeat":"repeat","background-position":"center center","background-size":"auto","background-attachment":"scroll","background-type":"","background-media":"","overlay-type":"","overlay-color":"","overlay-opacity":"","overlay-gradient":""},"mobile":{"background-color":"var(--ast-global-color-5)","background-image":"","background-repeat":"repeat","background-position":"center center","background-size":"auto","background-attachment":"scroll","background-type":"","background-media":"","overlay-type":"","overlay-color":"","overlay-opacity":"","overlay-gradient":""}},"footnotes":""},"categories":[3],"tags":[],"class_list":["post-9302","post","type-post","status-publish","format-standard","has-post-thumbnail","hentry","category-3"],"_links":{"self":[{"href":"https:\/\/arhiv.mk\/sq\/wp-json\/wp\/v2\/posts\/9302","targetHints":{"allow":["GET"]}}],"collection":[{"href":"https:\/\/arhiv.mk\/sq\/wp-json\/wp\/v2\/posts"}],"about":[{"href":"https:\/\/arhiv.mk\/sq\/wp-json\/wp\/v2\/types\/post"}],"author":[{"embeddable":true,"href":"https:\/\/arhiv.mk\/sq\/wp-json\/wp\/v2\/users\/3"}],"replies":[{"embeddable":true,"href":"https:\/\/arhiv.mk\/sq\/wp-json\/wp\/v2\/comments?post=9302"}],"version-history":[{"count":4,"href":"https:\/\/arhiv.mk\/sq\/wp-json\/wp\/v2\/posts\/9302\/revisions"}],"predecessor-version":[{"id":9320,"href":"https:\/\/arhiv.mk\/sq\/wp-json\/wp\/v2\/posts\/9302\/revisions\/9320"}],"wp:featuredmedia":[{"embeddable":true,"href":"https:\/\/arhiv.mk\/sq\/wp-json\/wp\/v2\/media\/9307"}],"wp:attachment":[{"href":"https:\/\/arhiv.mk\/sq\/wp-json\/wp\/v2\/media?parent=9302"}],"wp:term":[{"taxonomy":"category","embeddable":true,"href":"https:\/\/arhiv.mk\/sq\/wp-json\/wp\/v2\/categories?post=9302"},{"taxonomy":"post_tag","embeddable":true,"href":"https:\/\/arhiv.mk\/sq\/wp-json\/wp\/v2\/tags?post=9302"}],"curies":[{"name":"wp","href":"https:\/\/api.w.org\/{rel}","templated":true}]}}